{"id":67602,"date":"2019-05-27T08:15:38","date_gmt":"2019-05-27T05:15:38","guid":{"rendered":"http:\/\/giurgiu-net.ro\/?p=67602"},"modified":"2019-05-27T08:15:38","modified_gmt":"2019-05-27T05:15:38","slug":"vara-in-toata-regula-si-la-giurgiu-pana-joi","status":"publish","type":"post","link":"https:\/\/giurgiu-net.ro\/index.php\/2019\/05\/27\/vara-in-toata-regula-si-la-giurgiu-pana-joi\/","title":{"rendered":"Var\u0103 \u00een toat\u0103 regula \u015fi la Giurgiu, p\u00e2n\u0103 joi&#8230;"},"content":{"rendered":"\n<p>\u015ei la Giurgiu, primele zile ale s\u0103pt\u0103m\u00e2nii aduc vreme frumoas\u0103 \u015fi cald\u0103, cu o maxim\u0103 de p\u00e2n\u0103 la 31 de grade Celsius, cer mai mult senin.<\/p>\n\n\n\n<p>De joi, \u00eens\u0103, sunt anun\u0163ate ploi \u015fi la noi, \u00eenso\u0163ite de desc\u0103rc\u0103ri electrice \u015fi v\u00e2nt, iar maximele nu vor mai dep\u0103\u015fi 25-28 de grade Celsius.<\/p>\n\n\n\n<figure class=\"wp-block-image\"><img decoding=\"async\" src=\"https:\/\/giurgiu-net.ro\/wp-content\/uploads\/2019\/05\/vreme.jpg\" alt=\"\" class=\"wp-image-67603\"\/><\/figure>\n","protected":false},"excerpt":{"rendered":"<p>\u015ei la Giurgiu, primele zile ale s\u0103pt\u0103m\u00e2nii aduc vreme frumoas\u0103 \u015fi cald\u0103, cu o maxim\u0103 de p\u00e2n\u0103 la 31 de grade Celsius, cer mai mult senin. De joi, \u00eens\u0103, sunt anun\u0163ate ploi \u015fi la noi, \u00eenso\u0163ite de desc\u0103rc\u0103ri electrice \u015fi v\u00e2nt, iar maximele nu vor mai dep\u0103\u015fi 25-28 de grade Celsius.<\/p>\n","protected":false},"author":1,"featured_media":66412,"comment_status":"open","ping_status":"open","sticky":false,"template":"","format":"standard","meta":{"slim_seo":{"title":"Var\u0103 \u00een toat\u0103 regula \u015fi la Giurgiu, p\u00e2n\u0103 joi... - GIURGIU NET","description":"\u015ei la Giurgiu, primele zile ale s\u0103pt\u0103m\u00e2nii aduc vreme frumoas\u0103 \u015fi cald\u0103, cu o maxim\u0103 de p\u00e2n\u0103 la 31 de grade Celsius, cer mai mult senin. De joi, \u00eens\u0103, sunt anun"},"footnotes":""},"categories":[18,26,28],"tags":[],"class_list":{"0":"post-67602","1":"post","2":"type-post","3":"status-publish","4":"format-standard","5":"has-post-thumbnail","7":"category-actual","8":"category-soc","9":"category-uo"},"_links":{"self":[{"href":"https:\/\/giurgiu-net.ro\/index.php\/wp-json\/wp\/v2\/posts\/67602","targetHints":{"allow":["GET"]}}],"collection":[{"href":"https:\/\/giurgiu-net.ro\/index.php\/wp-json\/wp\/v2\/posts"}],"about":[{"href":"https:\/\/giurgiu-net.ro\/index.php\/wp-json\/wp\/v2\/types\/post"}],"author":[{"embeddable":true,"href":"https:\/\/giurgiu-net.ro\/index.php\/wp-json\/wp\/v2\/users\/1"}],"replies":[{"embeddable":true,"href":"https:\/\/giurgiu-net.ro\/index.php\/wp-json\/wp\/v2\/comments?post=67602"}],"version-history":[{"count":0,"href":"https:\/\/giurgiu-net.ro\/index.php\/wp-json\/wp\/v2\/posts\/67602\/revisions"}],"wp:featuredmedia":[{"embeddable":true,"href":"https:\/\/giurgiu-net.ro\/index.php\/wp-json\/wp\/v2\/media\/66412"}],"wp:attachment":[{"href":"https:\/\/giurgiu-net.ro\/index.php\/wp-json\/wp\/v2\/media?parent=67602"}],"wp:term":[{"taxonomy":"category","embeddable":true,"href":"https:\/\/giurgiu-net.ro\/index.php\/wp-json\/wp\/v2\/categories?post=67602"},{"taxonomy":"post_tag","embeddable":true,"href":"https:\/\/giurgiu-net.ro\/index.php\/wp-json\/wp\/v2\/tags?post=67602"}],"curies":[{"name":"wp","href":"https:\/\/api.w.org\/{rel}","templated":true}]}}