{"id":66742,"date":"2019-04-10T13:27:16","date_gmt":"2019-04-10T10:27:16","guid":{"rendered":"http:\/\/giurgiu-net.ro\/?p=66742"},"modified":"2019-04-10T13:27:16","modified_gmt":"2019-04-10T10:27:16","slug":"domnule-primar-atunci-de-ce-nu-va-dati-demisia-din-psd","status":"publish","type":"post","link":"https:\/\/giurgiu-net.ro\/index.php\/2019\/04\/10\/domnule-primar-atunci-de-ce-nu-va-dati-demisia-din-psd\/","title":{"rendered":"Domnule primar, atunci, de ce nu v\u0103 da\u0163i demisia din PSD?"},"content":{"rendered":"\n<p>Lucrurile sunt simple. Sunte\u0163i, probabil, primarul PSD din \u0163ar\u0103 cu cele mai multe declara\u0163ii \u00eempotriva propriului partid \u015fi a liderilor acestuia, de-a lungul celor dou\u0103 mandate.  Doar \u00een ultimii 3 ani, noi am num\u0103rat vreo patru conferin\u0163e\nde pres\u0103 \u00een care, sub diferite forme, v-a\u0163i \u201elep\u0103dat\u201d de partidul care v-a\najutat s\u0103 ajunge\u0163i \u00een func\u0163ia de primar. De dou\u0103 ori.<\/p>\n\n\n\n<p>Cum nu v-a convenit ceva, cum, hop, &#8222;smiorc\u0103ieli&#8221; administrativo-politice de fa\u0163\u0103 cu presa. Apoi, cumva c\u0103indu-v\u0103, a\u0163i ie\u015fit, tot \u00een conferin\u0163\u0103 de pres\u0103, s\u0103 spune\u0163i c\u0103, de fapt, <em>\u201e\u015fti\u0163i, la sup\u0103rare, o mai ia gura pe dinainte&#8230;\u201d<\/em>, c\u0103 nu sunte\u0163i politician etc. Asta, a\u015fa, ca s\u0103 scuze cumva ie\u015firile cu pricina, b\u0103nuim.<\/p>\n\n\n\n<p>Iar azi, se pare c\u0103 a\u0163i atins apogeul declara\u0163iilor de gen, la \u00eent\u00e2lnirea cu presa local\u0103. Critic\u00e2nd \u00eemp\u0103r\u0163irea banilor c\u0103tre prim\u0103rii \u015fi deciziile luate de conducerea Consiliului Jude\u0163ean Giurgiu(<em>care, prin Lege are dreptul s\u0103 ia deciziile cu pricina, a\u015fa cum au \u015fi fost luate, de altfel<\/em>!), a\u0163i lansat ideea c\u0103 ve\u0163i prezenta giurgiuvenilor toate nerealiz\u0103rile dumneavoastr\u0103 ca fiind din vina&#8230; altora. Nu \u015fti\u0163i exact, a\u0163i spus, vede\u0163i dumneavoastr\u0103 pe cine&#8230; g\u0103si\u0163i. <\/p>\n\n\n\n<p>Adic\u0103, un fel de: C-o fi Mina, c-o fi B\u0103d\u0103l\u0103u ori Dragnea, Teodorovici, Dumnezeu, vedem ce iese dup\u0103 declara\u0163iile de azi, nu?! Cum ar veni, tot ce n-a\u0163i f\u0103cut dumneavoastr\u0103 pentru \u015fi\n\u00een Giurgiu \u00een 7 ani de primar al municipiului este din vina altora? De ce n-a\u0163i\nrenun\u0163at dup\u0103 primul mandat, atunci, dac\u0103 e a\u015fa de na\u015fpa s\u0103 fii primar PSD?<\/p>\n\n\n\n<p>Tot azi, a\u0163i lansat inclusiv ideea(ca s\u0103 nu-i zicem\namenin\u0163area) c\u0103 ve\u0163i face bannere cu numele lor, ale \u201evinova\u0163ilor\u201d? Am \u00een\u0163eles\ncorect, nu? <\/p>\n\n\n\n<p>Numai c\u0103, v\u0103 da\u0163i seama ce-ar \u00eensemna s\u0103 apar\u0103 bannere cu poza \u015fi numele dumneavoastr\u0103 exact ca alea cu Lucian Iliescu, \u00een campania din 2012, prin tot ora\u015ful?<\/p>\n\n\n\n<p>\u201eV\u0103 mul\u0163umim, domnule primar Barbu, pentru drumurile\nmoderne din ora\u015f!\u201d<\/p>\n\n\n\n<p>\u201eV\u0103 mul\u0163umim, domnule primar Barbu, pentru sistemul\nmodern de \u00eenc\u0103lzire!\u201d<\/p>\n\n\n\n<p>\u201eV\u0103 mul\u0163umim, domnule primar Barbu, pentru locurile de\nmunc\u0103, pentru investi\u0163ii, pentru \u015fcoli moderne, pentru tot!\u201d. <\/p>\n\n\n\n<p>Doar at\u00e2t \u015fi s-a \u00eencheiat, nu crede\u0163i? Pentru c\u0103 nu PSD a fost primar, nici Mina, nici B\u0103d\u0103l\u0103u, nici Anton, nici Ponta, nici Dumnezeu. Dumneavoastr\u0103 a\u0163i vrut s\u0103 fi\u0163i \u015fi a\u0163i fost.  \u00cen locul dumneavoastr\u0103, n-am paria faza cu aruncatul\npisicii moarte \u00een curtea \u201evecinilor\u201d. Nu mai \u0163ine, nu la Giurgiu, prea sunt s\u0103tui\noamenii.<\/p>\n\n\n\n<p>Oricum, l-am \u00eentrebat \u015fi pe pre\u015fedintele Consiliului Jude\u0163ean Giurgiu, Marian Mina, cum comenteaz\u0103 declara\u0163iile dumneavoastr\u0103 de azi \u015fi ne-a spus doar at\u00e2t: <em>\u201eInteresant. Nu l-am auzit pe domnul Nicolae Barbu s\u0103 se pl\u00e2ng\u0103 de pre\u015fedintele Iohannis care a blocat bugetul na\u0163ional, inclusiv pe-al domniei sale, 4 luni! Poate este \u00een Opozi\u0163ie \u015fi nu \u015ftim&#8230;!\u201d<\/em>.<\/p>\n\n\n\n<p>Poate. Chiar a\u015fa, dac\u0103 tot v\u0103 sim\u0163i\u0163i sau cel pu\u0163in\nface\u0163i declara\u0163ii exact ca un primar din Opozi\u0163ie, de ce nu v\u0103 da\u0163i demisia din\nPSD? <\/p>\n\n\n\n<p>O s\u0103 v\u0103 pierde\u0163i mandatul, exact.<\/p>\n\n\n\n<p>\u015ei-atunci, de ce s\u0103 nu sc\u0103pa\u0163i odat\u0103 de &#8222;chinul&#8221; \u0103sta de a fi primarul de Giurgiu? <\/p>\n\n\n\n<p>Pentru c\u0103 nu v\u0103 da\u0163i b\u0103tut?A\u015fa zice\u0163i? Eeee, era frumos s-o face\u0163i f\u0103r\u0103 s\u0103 v\u0103 sp\u0103la\u0163i hainele \u00een public \u015fi f\u0103r\u0103 s\u0103 ie\u015fi\u0163i a nu \u015ftiu c\u00e2ta oar\u0103 cu degetul \u00eendreptat tocmai c\u0103tre cei care v-au ajutat \u00een dou\u0103 r\u00e2nduri s\u0103 sta\u0163i pe scaunul acela. C\u0103 altfel, miroase a altceva, miroase a ni\u015fte jocuri de-a dreptul politice. A\u015fa pare, serios.<\/p>\n\n\n\n<p><\/p>\n","protected":false},"excerpt":{"rendered":"<p>Lucrurile sunt simple. Sunte\u0163i, probabil, primarul PSD din \u0163ar\u0103 cu cele mai multe declara\u0163ii \u00eempotriva propriului partid \u015fi a liderilor acestuia, de-a lungul celor dou\u0103 mandate. Doar \u00een ultimii 3 ani, noi am num\u0103rat vreo patru conferin\u0163e de pres\u0103 \u00een care, sub diferite forme, v-a\u0163i \u201elep\u0103dat\u201d de partidul care v-a ajutat s\u0103 ajunge\u0163i \u00een func\u0163ia [&hellip;]<\/p>\n","protected":false},"author":1,"featured_media":43172,"comment_status":"open","ping_status":"open","sticky":false,"template":"","format":"standard","meta":{"slim_seo":{"title":"Domnule primar, atunci, de ce nu v\u0103 da\u0163i demisia din PSD? - GIURGIU NET","description":"Lucrurile sunt simple. Sunte\u0163i, probabil, primarul PSD din \u0163ar\u0103 cu cele mai multe declara\u0163ii \u00eempotriva propriului partid \u015fi a liderilor acestuia, de-a lungul ce"},"footnotes":""},"categories":[18,19,25,28],"tags":[],"class_list":{"0":"post-66742","1":"post","2":"type-post","3":"status-publish","4":"format-standard","5":"has-post-thumbnail","7":"category-actual","8":"category-adm","9":"category-pol","10":"category-uo"},"_links":{"self":[{"href":"https:\/\/giurgiu-net.ro\/index.php\/wp-json\/wp\/v2\/posts\/66742","targetHints":{"allow":["GET"]}}],"collection":[{"href":"https:\/\/giurgiu-net.ro\/index.php\/wp-json\/wp\/v2\/posts"}],"about":[{"href":"https:\/\/giurgiu-net.ro\/index.php\/wp-json\/wp\/v2\/types\/post"}],"author":[{"embeddable":true,"href":"https:\/\/giurgiu-net.ro\/index.php\/wp-json\/wp\/v2\/users\/1"}],"replies":[{"embeddable":true,"href":"https:\/\/giurgiu-net.ro\/index.php\/wp-json\/wp\/v2\/comments?post=66742"}],"version-history":[{"count":0,"href":"https:\/\/giurgiu-net.ro\/index.php\/wp-json\/wp\/v2\/posts\/66742\/revisions"}],"wp:featuredmedia":[{"embeddable":true,"href":"https:\/\/giurgiu-net.ro\/index.php\/wp-json\/"}],"wp:attachment":[{"href":"https:\/\/giurgiu-net.ro\/index.php\/wp-json\/wp\/v2\/media?parent=66742"}],"wp:term":[{"taxonomy":"category","embeddable":true,"href":"https:\/\/giurgiu-net.ro\/index.php\/wp-json\/wp\/v2\/categories?post=66742"},{"taxonomy":"post_tag","embeddable":true,"href":"https:\/\/giurgiu-net.ro\/index.php\/wp-json\/wp\/v2\/tags?post=66742"}],"curies":[{"name":"wp","href":"https:\/\/api.w.org\/{rel}","templated":true}]}}