{"id":66730,"date":"2019-04-09T18:01:38","date_gmt":"2019-04-09T15:01:38","guid":{"rendered":"http:\/\/giurgiu-net.ro\/?p=66730"},"modified":"2019-04-09T18:01:38","modified_gmt":"2019-04-09T15:01:38","slug":"dar-costel-are-habar-despre-administratie-nici-el","status":"publish","type":"post","link":"https:\/\/giurgiu-net.ro\/index.php\/2019\/04\/09\/dar-costel-are-habar-despre-administratie-nici-el\/","title":{"rendered":"Dar Costel are habar despre administra\u0163ie? Nici el\u2026"},"content":{"rendered":"\n<p>PNL-i\u015ftii\ngiurgiuveni au pierdut meciul cu subiectul primarilor \u015fi sumele pentru\nechilibrarea bugetelor locale dinainte s\u0103-l \u00eenceap\u0103. <\/p>\n\n\n\n<p>&#8222;Titi Goarn\u0103&#8221;, cum \u00eei zic colegii, n-a reu\u015fit s\u0103 emo\u0163ioneze pe nimeni \u00een Consiliul Jude\u0163ean cu pledoaria lui pentru \u201cbie\u0163ii primari\u201d care ar sta fix \u00een restul de 7,5 % c\u00e2t mai au de primit(<em>revin cu explica\u0163ii pe lege, un pic mai jos<\/em>). <\/p>\n\n\n\n<p>\u00cen\nprimul r\u00e2nd, \u00een opinia mea, a fost cel mai nepotrivit dintre consilierii PNL\ncare s\u0103 gr\u0103iasc\u0103 pe acest subiect. Odat\u0103 pentru c\u0103, pe vremea c\u00e2nd era\nvicepre\u015fedinte al CJ Giurgiu, sumele erau acordate \u015fi la 5 luni dup\u0103 aprobarea\nbugetului national. Iar pe de alt\u0103 parte, a \u00eencurcat complet borcanele din care\nse dau banii. <\/p>\n\n\n\n<p>Domnule\nGavril\u0103, ne-au spus cei de la Finan\u0163e \u015fi ne-au rugat s\u0103 v\u0103 inform\u0103m, ca s\u0103 nu\nv\u0103 mai face\u0163i de b\u0103\u015fc\u0103lie data viitoare: <strong><em>nu este vorba despre sumele defalcate din TVA,\nci despre impozitul pe venit estimat a se \u00eencasa la bugetul de stat \u00een anul\n2019\u2026<\/em><\/strong><\/p>\n\n\n\n<p>A\u0163i\nfost vicepre\u015fedinte al CJ Giurgiu c\u00e2t? Dou\u0103 mandate? \u015ei nu \u015fti\u0163i ce reprezint\u0103\n\u0103\u015ftia 7,5%? Vai, vai!<\/p>\n\n\n\n<p>Apoi, cred c\u0103 PNL-i\u015ftii au dat-o-n bar\u0103 r\u0103u de tot cu filmule\u0163ul \u0103la mizerabil de pe Facebook, \u00een care scot din context, trunchiind \u015fi t\u0103ind, declara\u0163iile lui Marian Mina, l\u0103s\u00e2nd doar la Gavril\u0103 ce d\u0103dea bine. <\/p>\n\n\n\n<p>Pentru\nc\u0103, ce au vrut ei cu minciuna asta promovat\u0103 inclusiv de conturile reale ale\nliderilor PNL(ce tupeu ave\u0163i!) nu s-a potrivit cu t\u00e2rgul. &nbsp;Oamenii sunt s\u0103tui de minciuni, de manipulare,\nde \u201ctitluri false\u201d \u015fi con\u0163inut pe m\u0103sur\u0103. Le-a\u0163i jignit inteligen\u0163a \u015fi o s\u0103 v\u0103\ncoste, pariu?!<\/p>\n\n\n\n<p>\u015ei-atunci,\nla ce s-a g\u00e2ndit fruntea prelung\u0103, pardon, mintea (i)luminat\u0103 din PNL Giurgiu,\nca s\u0103 impresioneze noul \u015fef? S\u0103 nu \u00eengroape subiectul, cum era mai bine pentru\ndomniile lor ca s\u0103 nu se mai fac\u0103 de r\u00e2s \u00een continuare, \u015fi s\u0103 vin\u0103 cu o\nabera\u0163ie mare c\u00e2t sprijinul acordat lui Costel de c\u0103tre na\u015ful Anton.<\/p>\n\n\n\n<p>De ce nu \u00eemparte Mina banii? Costel, secretar general al PNL Giurgiu, zice: \u201cpentru c\u0103 nu-i are!\u201d. \u015ei face o varia\u0163iune pe aceea\u015fi tem\u0103 de trebuie s\u0103 iei ibuprofen ca s\u0103&#8230; \u00ee\u0163i po\u0163i desf\u0103\u015fura activitatea, \u00een continuare.<\/p>\n\n\n\n<p>Adic\u0103, dac\u0103 faza cu \u201camenin\u0163\u0103rile\u201d a fost o petard\u0103 PNL-ist\u0103 neimpresionant\u0103, c\u0103ci nu a explodat, doar a f\u00e2s\u00e2it, poate \u00eei sperie pe oameni cu asta: Cic\u0103 Mina n-are bani.<\/p>\n\n\n\n<figure class=\"wp-block-image\"><img decoding=\"async\" src=\"https:\/\/giurgiu-net.ro\/wp-content\/uploads\/2019\/04\/buget.jpg\" alt=\"\" class=\"wp-image-66733\"\/><\/figure>\n\n\n\n<p>Bun, acum o s\u0103 scriu \u00een termeni mai tehnici, dar sunt convins\u0103 c\u0103 ve\u0163i \u00een\u0163elege. Ca s\u0103 l\u0103murim odat\u0103 chestiunea asta cu cei 7,5% \u015fi cu banii, \u00een general. Nu bag m\u00e2inile \u00een foc pentru Costel la faza cu priceputul, dar misiunea mea pe acest p\u0103m\u00e2nt nu e deloc aceea de a-l l\u0103muri pe el. A lucrat at\u00e2ta vreme \u00een administra\u0163ie, ce dracului!<\/p>\n\n\n\n<p><strong>A\u015fadar, avem Legea nr. 50\/2019 a bugetului de stat pe anul 2019. Articolul 6 spune a\u015fa:<\/strong><\/p>\n\n\n\n<p> (1) \u00cen anul 2019, prin derogare de la prevederile art. 32 \u0219i 33 din Legea nr. 273\/2006 privind  finan\u021bele publice locale, cu modific\u0103rile \u0219i complet\u0103rile ulterioare, din impozitul pe venit estimat a fi \u00eencasat la bugetul de stat la nivelul fiec\u0103rei unit\u0103\u021bi administrativ-teritoriale, se repartizeaz\u0103 \u00eencep\u00e2nd cu luna urm\u0103toare public\u0103rii \u00een Monitorul Oficial al Rom\u00e2niei, Partea I, a prezentei legi, urm\u0103toarele cote: &nbsp;&nbsp;&nbsp; <\/p>\n\n\n\n<p>a)&nbsp;<strong>15%&nbsp;la&nbsp;bugetul&nbsp;local&nbsp;al&nbsp;jude\u021bului;\n&nbsp;&nbsp;&nbsp;&nbsp; <\/strong><\/p>\n\n\n\n<p><strong>b)&nbsp;60%&nbsp;la&nbsp;bugetele&nbsp;locale&nbsp;ale&nbsp;comunelor,&nbsp;ora\u0219elor&nbsp;\u0219i&nbsp;municipiilor&nbsp;pe&nbsp;al&nbsp;c\u0103ror&nbsp;teritoriu&nbsp;\u00ee\u0219i\ndesf\u0103\u0219oar\u0103&nbsp;activitatea&nbsp;pl\u0103titorii&nbsp;de&nbsp;impozit&nbsp;pe&nbsp;venit;\n&nbsp;&nbsp;&nbsp;&nbsp; <\/strong><\/p>\n\n\n\n<p><strong>c) 17,5% \u00eentr- un cont distinct deschis pe seama direc\u021biei generale regionale a finan\u021belor publice\/administra\u021biei jude\u021bene a finan\u021belor publice, pentru echilibrarea bugetelor locale ale comunelor, ora\u0219elor, municipiilor \u0219i jude\u021belor. <\/strong><\/p>\n\n\n\n<p style=\"text-align:center\"><strong>*T<em>oate acestea au fost deja repartizate unit\u0103\u0163ilor administrativ-teritoriale din jude\u0163ul Giurgiu!<\/em><\/strong><\/p>\n\n\n\n<p style=\"text-align:center\">(2)&nbsp;<strong>Suma corespunz\u0103toare cotei de 7,5% din impozitul pe venit estimat a se \u00eencasa la bugetul de stat \u00een anul 2019 se repartizeaz\u0103 \u00een mod egal jude\u021belor, \u00een limita sumei de 28.492 mii lei<\/strong>, (<strong><em>*Asta a mai r\u0103mas de repartizat<\/em><\/strong>) <\/p>\n\n\n\n<p>reprezent\u00e2nd fond la dispozi\u021bia consiliului jude\u021bean. \u00cen cadrul fiec\u0103rui jude\u021b,<strong><em>fondul&nbsp;<\/em><\/strong><strong><em>la&nbsp;dispozi\u021bia<\/em><\/strong><strong><em> consiliului jude\u021bean se repartizeaz\u0103 integral <\/em><\/strong><strong><em>\u00een&nbsp;anul&nbsp;2019<\/em><\/strong><strong><em>&nbsp;<\/em><\/strong><strong><em>comunelor, ora\u0219elor \u0219i municipiilor, prin  hot\u0103r\u00e2rea consiliului jude\u021bean,<\/em><\/strong> pentru sus\u021binerea programelor de dezvoltare local\u0103, pentru sus\u021binerea programelor de infrastructur\u0103 care necesit\u0103 cofinan\u021bare local\u0103, precum \u0219i pentru cheltuielile de func\u021bionare, pe care unit\u0103\u021bile administrativ-teritoriale din jude\u021b, \u00een mod justificat, nu se pot finan\u021ba din veniturile proprii \u0219i din sume defalcate din taxa pe valoarea ad\u0103ugat\u0103 pentru echilibrarea bugetelor locale. Sumele repartizate potrivit prevederilor prezentului alineat se reflect\u0103 \u00een bugetele locale ale unit\u0103\u021bilor administrativ-teritoriale, la o pozi\u021bie de venituri distinct\u0103. <\/p>\n\n\n\n<p>Pentru repartizarea pe unit\u0103\u021bi administrativ- teritoriale a sumelor din fond, <strong>consiliul jude\u021bean are obliga\u021bia ca, \u00een termen de 5 zile de la publicarea legii bugetului de stat \u00een Monitorul Oficial al \u00a0Rom\u00e2niei, Partea I, s\u0103 solicite \u00een scris tuturor unit\u0103\u021bilor administrativ-teritoriale din cadrul jude\u021bului prezentarea de cereri pentru acordarea de sume pentru destina\u021biile prev\u0103zute&#8221;<\/strong>.\u00a0<\/p>\n\n\n\n<p>Adic\u0103,\nexact ce a explicat Mina c\u0103 a f\u0103cut \u015fi c\u0103 acesta este motivul pentru care nu a\nfost trecut pe ordinea de zi proiectul propus de Gavril\u0103. Este a\u015fteptat\u0103\nanaliza pe fiecare Prim\u0103rie.<\/p>\n\n\n\n<p>Pe\nde alt\u0103 parte, ca s\u0103 priceap\u0103 \u015fi Costel, cum s\u0103 nu fie banii, dac\u0103 vorbim\ndespre Legea Bugetului de Stat, aprobat\u0103, adoptat\u0103, promulgat\u0103, cu prevederi\nclare pentru consilii jude\u0163ene, prim\u0103rii \u015fi ce mai dori\u0163i? Dac\u0103 suma aia de\n28.492 mii lei este trecut\u0103 acolo? De unde a\u0163i scos-o p-asta cu nu sunt bani? <\/p>\n\n\n\n<p>Cine v-a zis? Gavril\u0103? A, p\u0103i, a\u015fa ziceau ei, \u00een CJ, c\u00e2nd era PNL la Putere, \u015fi era vorba despre investi\u0163ii: <strong><em>nu sunt bani!<\/em><\/strong><\/p>\n\n\n\n<p>\u015ei-au\nr\u0103mas seta\u0163i pe asta.<\/p>\n\n\n\n<p>Oricum, pe dovedite, iat\u0103, numai prostii spun \u015fi-acum!<\/p>\n\n\n\n<figure class=\"wp-block-image\"><img decoding=\"async\" src=\"https:\/\/giurgiu-net.ro\/wp-content\/uploads\/2019\/04\/costel-si-administratia-1.jpg\" alt=\"\" class=\"wp-image-66732\"\/><\/figure>\n\n\n\n<p>Maleficent<\/p>\n\n\n\n<p>*Par\u0163ial, textul este un pamflet ce trebuie tratat ca atare. Fotografia este sigur trucaj-pamflet. V\u0103 rug\u0103m s\u0103 le trata\u0163i pe toate cum am stabilit!<\/p>\n","protected":false},"excerpt":{"rendered":"<p>PNL-i\u015ftii giurgiuveni au pierdut meciul cu subiectul primarilor \u015fi sumele pentru echilibrarea bugetelor locale dinainte s\u0103-l \u00eenceap\u0103. &#8222;Titi Goarn\u0103&#8221;, cum \u00eei zic colegii, n-a reu\u015fit s\u0103 emo\u0163ioneze pe nimeni \u00een Consiliul Jude\u0163ean cu pledoaria lui pentru \u201cbie\u0163ii primari\u201d care ar sta fix \u00een restul de 7,5 % c\u00e2t mai au de primit(revin cu explica\u0163ii pe [&hellip;]<\/p>\n","protected":false},"author":1,"featured_media":66731,"comment_status":"open","ping_status":"open","sticky":false,"template":"","format":"standard","meta":{"slim_seo":{"title":"Dar Costel are habar despre administra\u0163ie? Nici el\u2026 - GIURGIU NET","description":"PNL-i\u015ftii giurgiuveni au pierdut meciul cu subiectul primarilor \u015fi sumele pentru echilibrarea bugetelor locale dinainte s\u0103-l \u00eenceap\u0103. \"Titi Goarn\u0103\", cum \u00eei zic"},"footnotes":""},"categories":[18,19,20,23,25,28],"tags":[],"class_list":{"0":"post-66730","1":"post","2":"type-post","3":"status-publish","4":"format-standard","5":"has-post-thumbnail","7":"category-actual","8":"category-adm","9":"category-edit","10":"category-pam","11":"category-pol","12":"category-uo"},"_links":{"self":[{"href":"https:\/\/giurgiu-net.ro\/index.php\/wp-json\/wp\/v2\/posts\/66730","targetHints":{"allow":["GET"]}}],"collection":[{"href":"https:\/\/giurgiu-net.ro\/index.php\/wp-json\/wp\/v2\/posts"}],"about":[{"href":"https:\/\/giurgiu-net.ro\/index.php\/wp-json\/wp\/v2\/types\/post"}],"author":[{"embeddable":true,"href":"https:\/\/giurgiu-net.ro\/index.php\/wp-json\/wp\/v2\/users\/1"}],"replies":[{"embeddable":true,"href":"https:\/\/giurgiu-net.ro\/index.php\/wp-json\/wp\/v2\/comments?post=66730"}],"version-history":[{"count":0,"href":"https:\/\/giurgiu-net.ro\/index.php\/wp-json\/wp\/v2\/posts\/66730\/revisions"}],"wp:featuredmedia":[{"embeddable":true,"href":"https:\/\/giurgiu-net.ro\/index.php\/wp-json\/"}],"wp:attachment":[{"href":"https:\/\/giurgiu-net.ro\/index.php\/wp-json\/wp\/v2\/media?parent=66730"}],"wp:term":[{"taxonomy":"category","embeddable":true,"href":"https:\/\/giurgiu-net.ro\/index.php\/wp-json\/wp\/v2\/categories?post=66730"},{"taxonomy":"post_tag","embeddable":true,"href":"https:\/\/giurgiu-net.ro\/index.php\/wp-json\/wp\/v2\/tags?post=66730"}],"curies":[{"name":"wp","href":"https:\/\/api.w.org\/{rel}","templated":true}]}}