{"id":66720,"date":"2019-04-09T16:01:06","date_gmt":"2019-04-09T13:01:06","guid":{"rendered":"http:\/\/giurgiu-net.ro\/?p=66720"},"modified":"2019-04-09T16:01:06","modified_gmt":"2019-04-09T13:01:06","slug":"prefectul-de-giurgiu-niciodata-nu-am-stat-atat-de-rau-cu-ordinea-publica-si-infractionalitatea-ca-acum-lavinia-crisu-a-maturat-cu-seful-politiei-judetene-intr","status":"publish","type":"post","link":"https:\/\/giurgiu-net.ro\/index.php\/2019\/04\/09\/prefectul-de-giurgiu-niciodata-nu-am-stat-atat-de-rau-cu-ordinea-publica-si-infractionalitatea-ca-acum-lavinia-crisu-a-maturat-cu-seful-politiei-judetene-intr\/","title":{"rendered":"Prefectul de Giurgiu a \u201em\u0103turat\u201d cu \u015feful Poli\u0163iei Jude\u0163ene: \u201eNiciodat\u0103 nu am stat at\u00e2t de r\u0103u cu ordinea public\u0103 \u015fi infrac\u0163ionalitatea, ca acum!\u201d"},"content":{"rendered":"\n<p>Prefectul jude\u0163ului Giurgiu, Lavinia Cri\u015fu, a convocat,\nmar\u0163i, 9 aprilie, o \u015fedin\u0163\u0103 operativ\u0103 cu \u015fefii de la Giurgiu ai structurilor\nMinisterului de Interne. Principalul subiect al \u015fedin\u0163ei, la care a fost\ninvitat\u0103 \u015fi presa, s-a referit la situa\u0163ia ordinii \u015fi lini\u015ftii publice, deci a\ninfrac\u0163ionalit\u0103\u0163ii din jude\u0163, \u00eenregistrat\u0103 \u00een prezent.<\/p>\n\n\n\n<p>\u00cen primul r\u00e2nd, prefectul a criticat conducerea Poli\u0163iei\nJude\u0163ene \u015fi pe cea a Jandarmeriei, dup\u0103 ce nu a fost informat\u0103 cu privire la\nmai multe scandaluri ce s-au petrecut, weekendul trecut, \u00een jude\u0163.<\/p>\n\n\n\n<p><em>\u201eAm aflat din pres\u0103 despre incidentele de la Bolintin, Clejani sau G\u0103iseni. S-a vorbit despre \u00eenc\u0103ierare, uz de arm\u0103(la G\u0103iseni, n.r.), de ce nu am fost informat\u0103?\u201d<\/em>, l-a \u00eentrebat Lavinia Cri\u015fu pe \u015feful Poli\u0163iei Jude\u0163ene.<\/p>\n\n\n\n<p>Comisarul \u015fef C\u0103t\u0103lin Georgescu a motivat spun\u00e2nd c\u0103 acele cazuri ar fi ajuns \u00een cercetarea Procuraturii(dar, p\u00e2n\u0103 atunci?!, n.r.). La r\u00e2ndul s\u0103u, \u015feful Jandarmeriei, Daniel Ru\u015fanu, a explicat c\u0103 nu este de competen\u0163a institu\u0163iei pe care o conduce s\u0103 fac\u0103 aceast\u0103 informare, fiind, a\u015fa cum se \u015ftie, de altfel, de competen\u0163a Poli\u0163iei&#8230; Tot el a ad\u0103ugat faptul c\u0103 la G\u0103iseni doar &#8222;a fost armele scoase din toc, fiind somat\u0103 folosirea lor&#8221;, dar nu s-ar fi tras.<\/p>\n\n\n\n<p>&#8222;F\u0103r\u0103 s\u0103 \u00eencerc s\u0103 m\u0103 derobez de vreo \u00eendatorire, noi am intervenit acolo \u00een sprijinul Poli\u0163iei&#8230;&#8221;, a spus Daniel Ru\u015fanu.<\/p>\n\n\n\n<p>Prefectul de Giurgiu a atras aten\u0163ia, de asemenea, asupra unor inadverten\u0163e din datele Poli\u0163iei Jude\u0163ene, respectiv ale Jandarmeriei, cu privire la <strong>rata infrac\u0163ionalit\u0103\u0163ii \u00eenregistrat\u0103 \u00een jude\u0163ul Giurgiu<\/strong>. Astfel, \u00een timp ce Poli\u0163ia sus\u0163ine c\u0103 a sc\u0103zut rata la toate capitolele, \u00een primele 3 luni din 2019, comparativ cu aceea\u015fi perioad\u0103 a lui 2018, Jandarmeria anun\u0163\u0103 o cre\u015ftere a ratei cu peste 150%.<\/p>\n\n\n\n<p>Am \u015fi scris despre asta <a href=\"https:\/\/giurgiu-net.ro\/archives\/66704\" target=\"_blank\" rel=\"noreferrer noopener\" aria-label=\"AICI (se deschide \u00eentr-o fil\u0103 nou\u0103)\">AICI<\/a><\/p>\n\n\n\n<p>\u201eMisterul\u201d nu a fost elucidat, chiar dac\u0103 \u015feful Poli\u0163iei a venit cu date referitoare la statistica lor. \u00cens\u0103, Ru\u015fanu de la Jandarmerie a l\u0103sat s\u0103 se \u00een\u0163eleag\u0103 faptul c\u0103 misiunile lor sunt, \u00een principiu, comune&#8230; Deci nu se exclud. A\u015fadar, cine are dreptate? Prefectul a spus c\u0103 va cere l\u0103muriri suplimentare \u015fi vom\nreveni pe acest subiect.<\/p>\n\n\n\n<p>Un alt repro\u015f adresat de c\u0103tre Lavinia Cri\u015fu \u015fefului Poli\u0163iei Jude\u0163ene se refer\u0103 la faptul c\u0103, de\u015fi au fost, de-a lungul acestor 3 luni, multe incidente \u00een zone precum Bolintin sau Clejani, <em><strong>nu s-a dispus, a\u015fa cum cere legea, constituirea unor zone speciale de siguran\u0163\u0103 public\u0103.<\/strong><\/em><\/p>\n\n\n\n<p><em>\u201eLa Bolintin, am avut explozia unui bancomat, furturi din locuin\u0163e, b\u0103t\u0103i \u00een fa\u0163a sediului Poli\u0163iei de acolo. Dumneavoastr\u0103 nu a\u0163i considerat, pur \u015fi simplu, c\u0103 se impune instituirea unei zone speciale de siguran\u0163\u0103 public\u0103?\u201d<\/em>, a \u00eentrebat Cri\u015fu.<\/p>\n\n\n\n<p>Comisarul \u015fef C\u0103t\u0103lin Georgescu a replicat c\u0103 toate\naceste incidente s-ar fi \u00eentins, de fapt, pe o perioad\u0103 mai lung\u0103, deci sunt \u015fi\nde anul trecut&#8230; \u201eInfrac\u0163ionalitatea la Bolintin este pe un trend descendent.\nFaptele au fost consemnate pe o perioad\u0103 mai \u00eendelungat\u0103 \u015fi nu s-a impus\ninstituirea zonei speciale de siguran\u0163\u0103 public\u0103\u201d, a spus Georgescu.<\/p>\n\n\n\n<p>Adic\u0103, dac\u0103 \u015feful consider\u0103 c\u0103 nu e nevoie, nu este , cum s-ar zice?<\/p>\n\n\n\n<p>Oamenii de acolo s-ar putea s\u0103 aib\u0103 alt\u0103 opinie&#8230;<\/p>\n\n\n\n<p>Mai departe, prefectul Lavinia Cri\u015fu i-a repro\u015fat \u015fefului\nPoli\u0163iei Jude\u0163ene Giurgiu inclusiv faptul c\u0103 nu a informat-o c\u0103, dup\u0103\naccidentul din Rudari, de azi, s-ar fi str\u00e2ns c\u00e2teva zeci de persoane \u201enemul\u0163umite\u201d.\nA fost nevoie de interven\u0163ia jandarmilor, \u00eens\u0103 Georgescu a spus c\u0103 s-a apelat\nla ace\u015ftia doar ca o m\u0103sur\u0103 de preven\u0163ie.<\/p>\n\n\n\n<p>\u201eAdic\u0103, era lini\u015fte \u015fi pace, dar dumneavoastr\u0103 tot a\u0163i\nsim\u0163it, a\u015fa, nevoia s\u0103 \u00eei chema\u0163i pe jandarmi?\u201d, a replicat Cri\u015fu.<\/p>\n\n\n\n<p>Din fericire, \u00een zona men\u0163ionat\u0103, tensiunile nu au\nescaladat, lucru confirmat \u015fi de \u015feful Jandarmeriei. \u00cens\u0103, ce-i drept, \u00een\nconversa\u0163ia purtat\u0103 \u00eentre Ru\u015fanu \u015fi Cri\u015fu, redat\u0103 de c\u0103tre prefect, era\nmen\u0163ionat faptul c\u0103 se str\u00e2nseser\u0103 circa 30 de oameni \u201enemul\u0163umi\u0163i\u201d.<\/p>\n\n\n\n<p>Ce \u00eenseamn\u0103 asta, \u015ftim cu to\u0163ii.<\/p>\n\n\n\n<p><em>\u201eSper s\u0103 fie ultima discu\u0163ie de genul \u0103sta, pentru c\u0103, stima\u0163i colegi, dac\u0103 ascundem lucruri, o s\u0103 ne \u00eempiedic\u0103m de ele, p\u00e2n\u0103 la urm\u0103. \u015ei, c\u00e2nd te \u00eempiedici, cazi!\u201d<\/em>, a mai spus prefectul Lavinia Cri\u015fu, \u00een \u015fedin\u0163a de ast\u0103zi.<\/p>\n\n\n\n<p>Vom reveni cu am\u0103nunte \u015fi despre celelalte subiecte\nimportante ale \u00eentrunirii, precum paza \u00een \u015fcoli, traficul blocat \u00een Vama\nGiurgiu, incendiile de vegeta\u0163ie, \u00een materiale viitoare.<\/p>\n","protected":false},"excerpt":{"rendered":"<p>Prefectul jude\u0163ului Giurgiu, Lavinia Cri\u015fu, a convocat, mar\u0163i, 9 aprilie, o \u015fedin\u0163\u0103 operativ\u0103 cu \u015fefii de la Giurgiu ai structurilor Ministerului de Interne. Principalul subiect al \u015fedin\u0163ei, la care a fost invitat\u0103 \u015fi presa, s-a referit la situa\u0163ia ordinii \u015fi lini\u015ftii publice, deci a infrac\u0163ionalit\u0103\u0163ii din jude\u0163, \u00eenregistrat\u0103 \u00een prezent. \u00cen primul r\u00e2nd, prefectul a [&hellip;]<\/p>\n","protected":false},"author":1,"featured_media":66721,"comment_status":"open","ping_status":"open","sticky":false,"template":"","format":"standard","meta":{"slim_seo":{"title":"Prefectul de Giurgiu a \u201em\u0103turat\u201d cu \u015feful Poli\u0163iei Jude\u0163ene: \u201eNiciodat\u0103 nu am stat at\u00e2t de r\u0103u cu ordinea public\u0103 \u015fi infrac\u0163ionalitatea, ca acum!\u201d - GIURGIU NET","description":"Prefectul jude\u0163ului Giurgiu, Lavinia Cri\u015fu, a convocat, mar\u0163i, 9 aprilie, o \u015fedin\u0163\u0103 operativ\u0103 cu \u015fefii de la Giurgiu ai structurilor Ministerului de Interne. Pr"},"footnotes":""},"categories":[18,19,26,28],"tags":[],"class_list":{"0":"post-66720","1":"post","2":"type-post","3":"status-publish","4":"format-standard","5":"has-post-thumbnail","7":"category-actual","8":"category-adm","9":"category-soc","10":"category-uo"},"_links":{"self":[{"href":"https:\/\/giurgiu-net.ro\/index.php\/wp-json\/wp\/v2\/posts\/66720","targetHints":{"allow":["GET"]}}],"collection":[{"href":"https:\/\/giurgiu-net.ro\/index.php\/wp-json\/wp\/v2\/posts"}],"about":[{"href":"https:\/\/giurgiu-net.ro\/index.php\/wp-json\/wp\/v2\/types\/post"}],"author":[{"embeddable":true,"href":"https:\/\/giurgiu-net.ro\/index.php\/wp-json\/wp\/v2\/users\/1"}],"replies":[{"embeddable":true,"href":"https:\/\/giurgiu-net.ro\/index.php\/wp-json\/wp\/v2\/comments?post=66720"}],"version-history":[{"count":0,"href":"https:\/\/giurgiu-net.ro\/index.php\/wp-json\/wp\/v2\/posts\/66720\/revisions"}],"wp:featuredmedia":[{"embeddable":true,"href":"https:\/\/giurgiu-net.ro\/index.php\/wp-json\/"}],"wp:attachment":[{"href":"https:\/\/giurgiu-net.ro\/index.php\/wp-json\/wp\/v2\/media?parent=66720"}],"wp:term":[{"taxonomy":"category","embeddable":true,"href":"https:\/\/giurgiu-net.ro\/index.php\/wp-json\/wp\/v2\/categories?post=66720"},{"taxonomy":"post_tag","embeddable":true,"href":"https:\/\/giurgiu-net.ro\/index.php\/wp-json\/wp\/v2\/tags?post=66720"}],"curies":[{"name":"wp","href":"https:\/\/api.w.org\/{rel}","templated":true}]}}