{"id":66206,"date":"2019-03-07T10:07:08","date_gmt":"2019-03-07T08:07:08","guid":{"rendered":"http:\/\/giurgiu-net.ro\/?p=66206"},"modified":"2019-03-07T10:07:08","modified_gmt":"2019-03-07T08:07:08","slug":"atentie-soferi-restrictii-de-trafic-pe-teritoriul-bulgariei","status":"publish","type":"post","link":"https:\/\/giurgiu-net.ro\/index.php\/2019\/03\/07\/atentie-soferi-restrictii-de-trafic-pe-teritoriul-bulgariei\/","title":{"rendered":"ATEN\u0162IE, SOFERI! Restric\u0163ii de trafic, pe teritoriul Bulgariei"},"content":{"rendered":"\n<p><em>Autorit\u0103\u021bile de frontier\u0103 bulgare au informat\nPoli\u0163ia de Frontier\u0103 Rom\u00e2n\u0103, prin Centrul Comun de Contact Giurgiu-Ruse, despre\nfaptul c\u0103 <strong>Direc\u0163ia General\u0103 \u201ePoli\u0163ia\nNa\u0163ional\u0103\u201d \u2013 Serviciul Poli\u0163ie Rutier\u0103 din cadrul Ministerului Afacerilor\nInterne din Republica Bulgaria va restric\u0163iona, pe anumite sectoare de drum din\nBulgaria, circula\u0163ia pentru mijloacele de transport cu masa de peste 12 tone<\/strong>,\ninclusiv ansamblu de vehicule, cu remorci \u0219i semiremorci, ma\u0219ini \u0219i utilaje\nagricole, tractoare, utilaje \u0219i ma\u0219ini specializate pentru lucr\u0103ri, \u00een anumite\nzile ale s\u0103pt\u0103m\u00e2nii \u015fi \u00een diferite perioade de timp (Ex. s\u0103rb\u0103tori legale, zile\nde s\u00e2mb\u0103t\u0103 \u015fi duminica).<\/em><\/p>\n\n\n\n<p><em>Restric\u0163iile nu se refer\u0103 la\nmijloace de transport care efectueaz\u0103 transporturi de m\u0103rfuri periculoase, de\nanimale vii, de produse alimentare perisabile sau supuse unui anumit regim de\ntemperatur\u0103.<\/em><\/p>\n\n\n\n<p><em>&nbsp;&nbsp;&nbsp;&nbsp;&nbsp;&nbsp;&nbsp;&nbsp;&nbsp; \u015eoferii\ncare conduc mijloace de transport c\u0103rora li se aplic\u0103 astfel de restric\u0163ii,\ntrebuie s\u0103 aleag\u0103 din timp locuri de parcare corespunz\u0103toare, \u00eenainte de\nsegmentul de drum restric\u0163ionat circula\u0163iei. Conduc\u0103torii auto vor avea\nobliga\u0163ia s\u0103 a\u015ftepte \u00een aceste locuri de parcare p\u00e2n\u0103 la \u00eencheierea restric\u0163iei\nde circula\u0163ie pe drumurile publice din R. Bulgaria.<\/em><\/p>\n\n\n\n<p><strong><em>Preciz\u0103m faptul c\u0103 \u00een aceste intervale de timp, traficul de c\u0103l\u0103tori \u015fi\nautoturisme se va desf\u0103\u015fura \u00een condi\u0163ii normale.<\/em><\/strong><strong><\/strong><\/p>\n\n\n\n<p><em>Autorit\u0103\u0163ile de frontier\u0103 din\ncele dou\u0103 state vor \u021bine permanent leg\u0103tura, \u00een vederea stabilirii unor m\u0103suri\ncomune, astfel \u00eenc\u00e2t, la ridicarea restric\u021biilor de circula\u021bie pentru\nautomarfare pe teritoriul Bulgariei, controlul de frontier\u0103 s\u0103 se desf\u0103\u0219oare\noperativ (ex. folosirea la capacitate maxim\u0103 a arterelor existente,\nsuplimentarea de personal la controlul automarfarelor).<\/em><\/p>\n\n\n\n<p><em>&nbsp;&nbsp;&nbsp;&nbsp;&nbsp;&nbsp;&nbsp;&nbsp;&nbsp;&nbsp;&nbsp; <\/em><em>Totodat\u0103, autorit\u0103\u0163ile bulgare ne-au informat c\u0103 au elaborat \u00een acest\nsens o bro\u015fur\u0103 informa\u0163ional\u0103, tradus\u0103 inclusiv \u00een limba rom\u00e2n\u0103, care va fi\ndistribuit\u0103 de c\u0103tre reprezentan\u0163ii Poli\u0163iei de Frontier\u0103 Bulgare, \u00een toate\npunctele de trecere a frontierei, \u015foferilor de camioane \u015fi \u015foferilor celorlalte\ntipuri de mijloace de transport cu masa de peste 12 tone, care vor intra pe\nteritoriul R. Bulgaria.<\/em><\/p>\n\n\n\n<p><em>Detaliile care se reg\u0103sesc \u00een bro\u015fura\ninforma\u0163ional\u0103 se refer\u0103 la:<\/em><\/p>\n\n\n\n<ul class=\"wp-block-list\"><li><strong><em>Autostr\u0103zile din Republica Bulgaria pentru care se aplic\u0103 restric\u0163iile: <\/em><\/strong><strong><\/strong><\/li><\/ul>\n\n\n\n<table class=\"wp-block-table\"><tbody><tr><td>\n  <strong><em>Perioad\u0103<\/em><\/strong><strong><\/strong>\n  <\/td><td>\n  <strong><em>Zi din s\u0103pt\u0103m\u00e2n\u0103<\/em><\/strong><strong><\/strong>\n  <\/td><td>\n  <strong><em>Interval orar<\/em><\/strong><strong><\/strong>\n  <\/td><td>\n  <strong><em>Tronson\/<\/em><\/strong><strong><\/strong>\n  <strong><em>Drum<\/em><\/strong><strong><\/strong>\n  <\/td><td>\n  <strong><em>Segment de drum<\/em><\/strong><strong><\/strong>\n  <\/td><\/tr><tr><td>\n  &nbsp;\n  &nbsp;\n  &nbsp;\n  <em>1 iunie \u2013 15 septembrie inclusiv<\/em>\n  <\/td><td>\n  <em>\u00cen fiecare VINERI<\/em>\n  <\/td><td>\n  <em>18.00 \u2013 20.00<\/em>\n  <\/td><td>\n  <em>Autostrada TRAKIA<\/em>\n  <\/td><td>\n  <em>Sofia \u2013 Plovdiv pe direc\u021bia de mers c\u0103tre Burgas<\/em>\n  <\/td><\/tr><tr><td>\n  <em>\u00cen fiecare DUMINIC\u0102<\/em>\n  <\/td><td>\n  <em>16.00 \u2013 20.00<\/em>\n  <\/td><td>\n  <em>Burgas &#8211; Sofia pe direc\u021bia de mers c\u0103tre Sofia<\/em>\n  <\/td><\/tr><tr><td>\n  <em>\u00cen fiecare S\u00c2MB\u0102T\u0102<\/em>\n  <\/td><td>\n  <em>10.00 \u2013 14.00<\/em>\n  <\/td><td>\n  <em>Autostrada STRUMA<\/em>\n  <\/td><td>\n  <em>Nodul de comunica\u021bie rutier\u0103 Daskalovo \u2013 PCTF\n  Kulata pe direc\u021bia de mers c\u0103tre Kulata<\/em>\n  <\/td><\/tr><tr><td>\n  <em>\u00cen fiecare DUMINIC\u0102<\/em>\n  <\/td><td>\n  <em>16.00 \u2013 20.00<\/em>\n  <\/td><td>\n  <em>Autostrada MARI\u021aA<\/em>\n  <\/td><td>\n  <em>Svilengrad \u2013 autostrada TRAKIA pe direc\u021bia de\n  mers c\u0103tre autostrada TRAKIA <\/em>\n  <\/td><\/tr><\/tbody><\/table>\n\n\n\n<ul class=\"wp-block-list\"><li><strong><em>Drumuri de categoria I \u0219i a II-a din Republica Bulgaria pentru care se\naplic\u0103 restric\u0163iile:<\/em><\/strong><strong><\/strong><\/li><\/ul>\n\n\n\n<table class=\"wp-block-table\"><tbody><tr><td>\n  <strong><em>Perioad\u0103<\/em><\/strong><strong><\/strong>\n  <\/td><td>\n  <strong><em>Zi din s\u0103pt\u0103m\u00e2n\u0103<\/em><\/strong><strong><\/strong>\n  <\/td><td>\n  <strong><em>Interval orar<\/em><\/strong><strong><\/strong>\n  <\/td><td>\n  <strong><em>Tronson\/<\/em><\/strong><strong><\/strong>\n  <strong><em>Drum<\/em><\/strong><strong><\/strong>\n  <\/td><td>\n  <strong><em>Segment de drum<\/em><\/strong><strong><\/strong>\n  <\/td><td>\n  <strong><em>Traseu de ocolire<\/em><\/strong><strong><\/strong>\n  <\/td><\/tr><tr><td>\n  &nbsp;\n  &nbsp;\n  <em>1 iunie \u2013 15 septembrie<\/em>\n  <em>inclusiv<\/em>\n  <\/td><td>\n  <em>\u00cen fiecare VINERI<\/em>\n  <\/td><td>\n  <em>17.00 \u2013 20.00<\/em>\n  <\/td><td>\n  &nbsp;\n  <em>I-1<\/em>\n  <\/td><td>\n  <em>Din satul Reb\u0103rkovo p\u00e2n\u0103 la Botevgrad pe direc\u021bia de mers c\u0103tre Sofia<\/em>\n  <\/td><td>\n  <em>Drumul II \u2013 16 Reb\u0103rkovo \u2013 Svoghe &#8211; Centura de ocolire a Sofiei<\/em>\n  <\/td><\/tr><tr><td>\n  <em>\u00cen fiecare DUMINIC\u0102<\/em>\n  <\/td><td>\n  <em>14.00 \u2013 20.00<\/em>\n  <\/td><\/tr><tr><td>\n  <em>\u00cen fiecare VINERI<\/em>\n  <\/td><td>\n  <em>17.00 \u2013 20.00<\/em>\n  <\/td><td>\n  &nbsp;\n  <em>I-1<\/em>\n  <\/td><td>\n  <em>De la Blagoevgrad p\u00e2n\u0103 la PCTF Kulata pe ambele direc\u021bii de mers<\/em>\n  <\/td><td>\n  &nbsp;\n  <em>X<\/em>\n  <\/td><\/tr><tr><td>\n  <em>\u00cen fiecare DUMINIC\u0102<\/em>\n  <\/td><td>\n  <em>14.00 \u2013 20.00<\/em>\n  <\/td><\/tr><tr><td>\n  <em>\u00cen fiecare VINERI<\/em>\n  <\/td><td>\n  <em>17.00 \u2013 20.00<\/em>\n  <\/td><td>\n  &nbsp;\n  <em>I-5<\/em>\n  <\/td><td>\n  <em>Ruse-Veliko T\u00e2rnovo pe ambele direc\u021bii de mers<\/em>\n  <\/td><td>\n  &nbsp;\n  <em>X<\/em>\n  <\/td><\/tr><tr><td>\n  <em>\u00cen fiecare DUMINIC\u0102<\/em>\n  <\/td><td>\n  <em>14.00 \u2013 20.00<\/em>\n  <\/td><\/tr><tr><td>\n  <em>\u00cen fiecare VINERI<\/em>\n  <\/td><td>\n  <em>17.00 \u2013 20.00<\/em>\n  <\/td><td>\n  &nbsp;\n  <em>I-9<\/em>\n  <\/td><td>\n  <em>Varna-Burgas pe ambele direc\u021bii de mers<\/em>\n  <\/td><td>\n  &nbsp;\n  <em>X<\/em>\n  <\/td><\/tr><tr><td>\n  <em>\u00cen fiecare DUMINIC\u0102<\/em>\n  <\/td><td>\n  <em>14.00 \u2013 20.00<\/em>\n  <\/td><\/tr><tr><td>\n  <em>\u00cen fiecare VINERI<\/em>\n  <\/td><td>\n  <em>17.00 \u2013 20.00<\/em>\n  <\/td><td>\n  &nbsp;\n  <em>II-99<\/em>\n  <\/td><td>\n  <em>Burgas &#8211; \u021aarevo pe ambele direc\u021bii de mers<\/em>\n  <\/td><td>\n  &nbsp;\n  <em>X<\/em>\n  <\/td><\/tr><tr><td>\n  <em>\u00cen fiecare DUMINIC\u0102<\/em>\n  <\/td><td>\n  <em>14.00 \u2013 20.00<\/em>\n  <\/td><\/tr><\/tbody><\/table>\n\n\n\n<ul class=\"wp-block-list\"><li><strong><em>S\u0103rb\u0103torile\noficiale ale Republicii Bulgaria pe durata c\u0103rora se aplic\u0103 restric\u0163iile:<\/em><\/strong><strong><\/strong><\/li><\/ul>\n\n\n\n<table class=\"wp-block-table\"><tbody><tr><td>\n  <strong><em>Perioad\u0103<\/em><\/strong><strong><\/strong>\n  <\/td><td>\n  <strong><em>Ziua<\/em><\/strong><strong><\/strong>\n  <\/td><td>\n  <strong><em>Interval orar<\/em><\/strong><strong><\/strong>\n  <\/td><\/tr><tr><td>\n  <em>S\u0103rb\u0103tori oficiale \u0219i toate perioadele, \u00een care este stabilit\u0103 mai\n  mult de o zi liber\u0103 sau zi de s\u0103rb\u0103toare<\/em>\n  <\/td><td>\n  <em>Ultima zi lucr\u0103toare \u00eenainte de \u00eenceperea zilelor de s\u0103rb\u0103toare ale\n  statului bulgar<\/em>\n  <\/td><td>\n  <em>16.00 \u2013 20.00<\/em>\n  <\/td><\/tr><tr><td>\n  <em>Ultima zi liber\u0103 (de s\u0103rb\u0103toare)<\/em>\n  <\/td><td>\n  <em>14.00 \u2013 20.00<\/em>\n  <\/td><\/tr><\/tbody><\/table>\n\n\n\n<table class=\"wp-block-table\"><tbody><tr><td>\n  <strong><em>Drum<\/em><\/strong><strong><\/strong>\n  <\/td><td>\n  <strong><em>Segment de drum<\/em><\/strong><strong><\/strong>\n  <\/td><\/tr><tr><td>\n  <em>Toate autostr\u0103zile<\/em>\n  <\/td><td>\n  <em>Autostr\u0103zile TRAKIA, HEMUS; LIULIN, STRUMA, MARI\u021aA, CERNO MORE<\/em>\n  <\/td><\/tr><tr><td>\n  <em>I-1<\/em>\n  <\/td><td>\n  <em>De la satul Reb\u0103rkovo p\u00e2n\u0103 la Botevgrad pe direc\u021bia de mers c\u0103tre\n  Sofia (traseu ocolitor \u2013 drum II-16 \u2013 Reb\u0103rkovo \u2013 Svoghe \u2013 Centura ocolitoare\n  a Sofiei)<\/em>\n  <\/td><\/tr><tr><td>\n  <em>I-1<\/em>\n  <\/td><td>\n  <em>De la Botevgrad c\u0103tre PCTF Kulata pe ambele direc\u021bii de mers<\/em>\n  <\/td><\/tr><tr><td>\n  <em>I-4<\/em>\n  <\/td><td>\n  <em>Nodul de comunica\u021bie rutier\u0103 \u201cKoritna\u201d \u2013 Veliko T\u00e2rnovo &#8211; \u0218umen pe\n  ambele direc\u021bii de mers<\/em>\n  <\/td><\/tr><tr><td>\n  <em>I-5<\/em>\n  <\/td><td>\n  <em>Ruse \u2013 Veliko T\u00e2rnovo pe ambele direc\u021bii de mers<\/em>\n  <\/td><\/tr><tr><td>\n  <em>I-8<\/em>\n  <\/td><td>\n  <em>PCTF Kalotina \u2013 Sofia pe ambele direc\u021bii de mers<\/em>\n  <\/td><\/tr><tr><td>\n  <em>II-8<\/em>\n  <\/td><td>\n  <em>Centura ocolitoare a Sofiei<\/em>\n  <\/td><\/tr><tr><td>\n  <em>I-9<\/em>\n  <\/td><td>\n  <em>Varna \u2013 Burgas pe ambele direc\u021bii de mers<\/em>\n  <\/td><\/tr><tr><td>\n  <em>II-99<\/em>\n  <\/td><td>\n  <em>Burgas &#8211; \u021aarevo pe ambele direc\u021bii de mers<\/em>\n  <\/td><\/tr><\/tbody><\/table>\n\n\n\n<p><strong>Zilele de s\u0103rb\u0103toare oficiale ale Republicii\nBulgaria pentru anul 2019<\/strong><\/p>\n\n\n\n<p>26 \u2013 29 aprilie \u2013\nPa\u0219tele (zile libere)<\/p>\n\n\n\n<p>1 mai \u2013 Ziua Muncii\n(zi liber\u0103)<\/p>\n\n\n\n<p>6 mai \u2013 Sf. Gheorghe,\nZiua Armatei Bulgare (zi liber\u0103)<\/p>\n\n\n\n<p>24 mai \u2013 Ziua\nEduca\u021biei \u0219i Culturii bulgare \u0219i a Scrierii Slavone (zi liber\u0103)<\/p>\n\n\n\n<p>6 septembrie \u2013 Ziua\nUnirii Principatului Bulgariei cu Rumelia de Est (zi liber\u0103)<\/p>\n\n\n\n<p>22 septembrie \u2013 Ziua\nIndependen\u021bei Bulgariei (zile libere 22 \u0219i 23 septembrie)<\/p>\n\n\n\n<p>24 \u2013 26 decembrie \u2013\nCr\u0103ciunul (zile libere)&nbsp;&nbsp;&nbsp;&nbsp;&nbsp;&nbsp;&nbsp;&nbsp;&nbsp;&nbsp; <\/p>\n\n\n\n<p><strong>M\u0103suri administrative dispuse de autorit\u0103\u0163ile\nbulgare<\/strong><\/p>\n\n\n\n<p>&nbsp;&nbsp;&nbsp;&nbsp;&nbsp;&nbsp;&nbsp;&nbsp;&nbsp; <strong>Re\u021binerea permisului de conducere\nal \u0219oferului pentru un termen de o lun\u0103<\/strong>, pentru cel care p\u0103trunde dup\u0103\nindicatorul care interzice accesul respectivului mijloc de transport prin\nintroducerea unei m\u0103suri de restric\u021bie sau interdic\u021bie a circula\u021biei \u00een afara\nlocalit\u0103\u021bilor (art.171, pct.1, lit.j din Legea privind Circula\u021bia pe Drumurile\nPublice);<\/p>\n\n\n\n<p>&nbsp;&nbsp;&nbsp;&nbsp;&nbsp;&nbsp;&nbsp; <strong>Oprirea din circula\u021bie sau\nimobilizarea mijlocului de transport pentru un termen de trei luni <\/strong>pentru\nproprietarul, care conduce sau permite conducerea mijlocului de transport de\nc\u0103tre alt \u0219ofer pe segmentul de drum \u00een care a fost introdus\u0103 m\u0103sura temporar\u0103\nde restric\u021bie sau interdic\u021bie a circula\u021biei \u00een afara localit\u0103\u021bilor (art.171,\npct.1, lit.n din Legea privind Circula\u021bia pe Drumurile Publice).<\/p>\n\n\n\n<p><strong>Sanc\u021biuni<\/strong> aplicate conduc\u0103torului auto, care p\u0103trunde dup\u0103 indicatorul care\ninterzice accesul respectivului mijloc de transport \u00een cazul m\u0103surii temporare\nde oprire a circula\u021biei:<\/p>\n\n\n\n<p><strong>&nbsp;&nbsp;&nbsp;&nbsp;&nbsp;&nbsp; &#8211; suspendarea exercit\u0103rii\ndreptului de a conduce un mijloc de transport pentru un termen de o lun\u0103 <\/strong>\u0219i<\/p>\n\n\n\n<ul class=\"wp-block-list\"><li><strong>amend\u0103 contraven\u021bional\u0103 \u00een cuantum de 300 leva (BGN)<\/strong> \u2013 conform art.183, alin.7 din Legea privind Circula\u021bia pe Drumurile Publice.   <\/li><li><strong>Comunicat de pres\u0103 ITPF Giurgi<\/strong>u<\/li><\/ul>\n","protected":false},"excerpt":{"rendered":"<p>Autorit\u0103\u021bile de frontier\u0103 bulgare au informat Poli\u0163ia de Frontier\u0103 Rom\u00e2n\u0103, prin Centrul Comun de Contact Giurgiu-Ruse, despre faptul c\u0103 Direc\u0163ia General\u0103 \u201ePoli\u0163ia Na\u0163ional\u0103\u201d \u2013 Serviciul Poli\u0163ie Rutier\u0103 din cadrul Ministerului Afacerilor Interne din Republica Bulgaria va restric\u0163iona, pe anumite sectoare de drum din Bulgaria, circula\u0163ia pentru mijloacele de transport cu masa de peste 12 tone, [&hellip;]<\/p>\n","protected":false},"author":1,"featured_media":38919,"comment_status":"open","ping_status":"open","sticky":false,"template":"","format":"standard","meta":{"slim_seo":{"title":"ATEN\u0162IE, SOFERI! Restric\u0163ii de trafic, pe teritoriul Bulgariei - GIURGIU NET","description":"Autorit\u0103\u021bile de frontier\u0103 bulgare au informat Poli\u0163ia de Frontier\u0103 Rom\u00e2n\u0103, prin Centrul Comun de Contact Giurgiu-Ruse, despre faptul c\u0103 Direc\u0163ia General\u0103 \u201ePoli\u0163"},"footnotes":""},"categories":[18,26,28],"tags":[],"class_list":{"0":"post-66206","1":"post","2":"type-post","3":"status-publish","4":"format-standard","5":"has-post-thumbnail","7":"category-actual","8":"category-soc","9":"category-uo"},"_links":{"self":[{"href":"https:\/\/giurgiu-net.ro\/index.php\/wp-json\/wp\/v2\/posts\/66206","targetHints":{"allow":["GET"]}}],"collection":[{"href":"https:\/\/giurgiu-net.ro\/index.php\/wp-json\/wp\/v2\/posts"}],"about":[{"href":"https:\/\/giurgiu-net.ro\/index.php\/wp-json\/wp\/v2\/types\/post"}],"author":[{"embeddable":true,"href":"https:\/\/giurgiu-net.ro\/index.php\/wp-json\/wp\/v2\/users\/1"}],"replies":[{"embeddable":true,"href":"https:\/\/giurgiu-net.ro\/index.php\/wp-json\/wp\/v2\/comments?post=66206"}],"version-history":[{"count":0,"href":"https:\/\/giurgiu-net.ro\/index.php\/wp-json\/wp\/v2\/posts\/66206\/revisions"}],"wp:featuredmedia":[{"embeddable":true,"href":"https:\/\/giurgiu-net.ro\/index.php\/wp-json\/wp\/v2\/media\/38919"}],"wp:attachment":[{"href":"https:\/\/giurgiu-net.ro\/index.php\/wp-json\/wp\/v2\/media?parent=66206"}],"wp:term":[{"taxonomy":"category","embeddable":true,"href":"https:\/\/giurgiu-net.ro\/index.php\/wp-json\/wp\/v2\/categories?post=66206"},{"taxonomy":"post_tag","embeddable":true,"href":"https:\/\/giurgiu-net.ro\/index.php\/wp-json\/wp\/v2\/tags?post=66206"}],"curies":[{"name":"wp","href":"https:\/\/api.w.org\/{rel}","templated":true}]}}