{"id":66179,"date":"2019-03-06T13:56:12","date_gmt":"2019-03-06T11:56:12","guid":{"rendered":"http:\/\/giurgiu-net.ro\/?p=66179"},"modified":"2019-03-06T13:56:12","modified_gmt":"2019-03-06T11:56:12","slug":"inspiratia-de-miercuri-pusca-si-cureaua-lata-cum-era-giurgiu-odata","status":"publish","type":"post","link":"https:\/\/giurgiu-net.ro\/index.php\/2019\/03\/06\/inspiratia-de-miercuri-pusca-si-cureaua-lata-cum-era-giurgiu-odata\/","title":{"rendered":"InspiRa\u0163ia de Miercuri. Pu\u015fca \u015fi cureaua lat\u0103, cum era Giurgiu odat\u0103&#8230;(?!)"},"content":{"rendered":"\n<p>Nu \u015ftiu al\u0163ii cum sunt, dar eu c\u00e2nd m\u0103 g\u00e2ndesc la noua conducere interimar\u0103 a PNL Giurgiu, \u00eemi amintesc de &#8222;r\u00e2ndunica&#8221;. <\/p>\n\n\n\n<figure class=\"wp-block-image\"><img decoding=\"async\" src=\"https:\/\/giurgiu-net.ro\/wp-content\/uploads\/2019\/03\/raluca-Surdu-701x500.jpg\" alt=\"\" class=\"wp-image-66182\"\/><\/figure>\n\n\n\n<p>O mai \u015fti\u0163i pe Raluca Surdu, poreclit\u0103 a\u015fa de colegii mei de la Giurgiu pe Surse din motive obiective? Dup\u0103 ejectarea lui Must\u0103\u0163ea de la \u015fefia PNL Giurgiu, domni\u015foara cu pricina, dar mai ales cu mult vino-ncoa&#8217;, a \u0163inut ni\u0163el fr\u00e2iele organiza\u0163iei men\u0163ionate. Venit\u0103 tot de la centru, tot cu c\u00e2ntec dulce, deci zbor lin. \u00cenapoi. C\u0103ci, \u00een fapt, niciun miracol n-a \u00eenf\u0103ptuit creatura PNL-ist\u0103.<\/p>\n\n\n\n<p>A reu\u015fit cel mult s\u0103 \u00eenc\u00e2nte privirile \u015fi auzul colegilor b\u0103rba\u0163i din partid, c\u00e2t a ciripit vesel\u0103 despre&#8230; c\u00e2t de s\u0103rac e Giurgiu, dar ce mare br\u00e2nz\u0103 face PNL pentru noi to\u0163i&#8230;<\/p>\n\n\n\n<p>Am un deja-vu, pe cuv\u00e2nt, dar, de data asta, cu un r\u00e2ndunel. M\u00e2nca-l-ar fetele pe el!<\/p>\n\n\n\n<p>Para\u015futat, probabil f\u0103r\u0103 voia sa, de la PNL central cu misiunea divin\u0103 de a transforma apa-n vin la Giurgiu, Dan Motreanu a \u00eenceput prost, \u00een opinia mea. Inclusiv cu una por\u0163ie de muci liberali arunca\u0163i \u00een fasolea urbei pe care, de altfel, a trimis-o-n epoca de piatr\u0103 c-un cro\u015feu abil de dreapta.<\/p>\n\n\n\n<p>M\u0103 mir c\u0103 nu \u015fi-a \u00eenceput discursul de la \u015fedin\u0163a de vinerea trecut\u0103, c\u0103ci la asta m\u0103 refer, cu: Giurgiu, un ora\u015f cu poten\u0163ial, aflat la doar 60 de kilometri de Bucure\u015fti, cu vam\u0103, Dun\u0103re&#8230; C\u0103-i puneam \u015fi musta\u0163\u0103 \u015fi b\u0103rbi\u0163\u0103 \u00een trucajul de mai sus, jur! O, sta\u0163i, are deja&#8230;<\/p>\n\n\n\n<p>Cum s-a trezit el, r\u00e2ndunelul, pus pe fapte istorice aici la noi, cobor\u00e2t la costum \u015fi pantofi mi\u015fto \u00een noroaie giurgiuvene ad\u00e2nci \u015fi profunde, cum l-a apucat brusc mila \u015fi preocuparea de ora\u015ful \u015fi jude\u0163ul nostru oropsit de at\u00e2ta PSD, c\u0103 o s\u0103 fim \u015fter\u015fi de pe hart\u0103 dac\u0103 nu c\u00e2\u015ftig\u0103 iar PNL alegerile&#8230;. <\/p>\n\n\n\n<p>Zice r\u00e2ndunelul c\u0103 nu avem proiecte europene(<em>ce ziare citi\u0163i, maestre?<\/em>), nu tu \u015fcoli moderne(<em>eu zic s\u0103 v\u0103 revizui\u0163i serios discursul scris, probabil, de familia Danciu, c\u0103 pe \u0103ia, iart\u0103-i, Doamne&#8230;<\/em>) nu tu drumuri bune(<em>\u00een afar\u0103 de DN 5 mai \u015fti\u0163i vreun drum din jude\u0163?<\/em>), nu locuri de munc\u0103(eu a\u015f zice c\u0103 nu mai sunt oameni dornici de munc\u0103, mai degrab\u0103). C\u00e2t de trist este el c\u0103 nu avem spa\u0163ii verzi pe care s\u0103 ne relax\u0103m! Doamne, ap\u0103r\u0103 \u015fi p\u0103ze\u015fte! <\/p>\n\n\n\n<p>\u015ei c\u00e2t tupeu, frate, c\u0103 de \u0103sta nu ducem lips\u0103, s-o dea pe &#8222;ciuma ro\u015fie&#8221; la capitolul neajunsuri, omi\u0163\u00e2nd, of course, s\u0103 aminteasc\u0103 de cei 16 ani ai lui Luci Iliescu la municipiu \u015fi 8 ai fo\u015ftilor Beianu, respectiv Must\u0103\u0163ea la jude\u0163. P\u0103i, ori suntem cinsti\u0163i ori nu ne mai crede nimeni? <\/p>\n\n\n\n<p>Domnule Motreanu, nu m-ar fi mirat, v\u0103 dau cuv\u00e2ntul de onoare, nici s-o comite\u0163i, aici, la noi, la Giurgiu, \u00een deschidere, ca preafrumoasa Sandra cu &#8222;bun\u0103 seara, Moscova!&#8221;. C\u0103, ce conteaz\u0103, azi aici, m\u00e2ine acolo&#8230;<\/p>\n\n\n\n<p>Succes cu PNL Giurgiu, am un feeling c\u0103 o s\u0103 egala\u0163i scorul r\u00e2ndunicii la rezultate! \ud83d\ude00<\/p>\n\n\n\n<p>Maleficent<\/p>\n\n\n\n<figure class=\"wp-block-image\"><img decoding=\"async\" src=\"https:\/\/giurgiu-net.ro\/wp-content\/uploads\/2019\/03\/motreanu-giurgiu-1.jpg\" alt=\"\" class=\"wp-image-66181\"\/><\/figure>\n\n\n\n<p><strong><em>Textul din fotografia de mai sus nu este real.<\/em><\/strong><\/p>\n\n\n\n<p><strong><em>*Acesta este un pamflet ce trebuie tratat ca atare!<\/em><\/strong><\/p>\n","protected":false},"excerpt":{"rendered":"<p>Nu \u015ftiu al\u0163ii cum sunt, dar eu c\u00e2nd m\u0103 g\u00e2ndesc la noua conducere interimar\u0103 a PNL Giurgiu, \u00eemi amintesc de &#8222;r\u00e2ndunica&#8221;. O mai \u015fti\u0163i pe Raluca Surdu, poreclit\u0103 a\u015fa de colegii mei de la Giurgiu pe Surse din motive obiective? Dup\u0103 ejectarea lui Must\u0103\u0163ea de la \u015fefia PNL Giurgiu, domni\u015foara cu pricina, dar mai ales [&hellip;]<\/p>\n","protected":false},"author":1,"featured_media":66180,"comment_status":"open","ping_status":"open","sticky":false,"template":"","format":"standard","meta":{"slim_seo":{"title":"InspiRa\u0163ia de Miercuri. Pu\u015fca \u015fi cureaua lat\u0103, cum era Giurgiu odat\u0103...(?!) - GIURGIU NET","description":"Nu \u015ftiu al\u0163ii cum sunt, dar eu c\u00e2nd m\u0103 g\u00e2ndesc la noua conducere interimar\u0103 a PNL Giurgiu, \u00eemi amintesc de \"r\u00e2ndunica\". O mai \u015fti\u0163i pe Raluca Surdu, poreclit\u0103 a"},"footnotes":""},"categories":[18,20,23,25,28],"tags":[2027],"class_list":{"0":"post-66179","1":"post","2":"type-post","3":"status-publish","4":"format-standard","5":"has-post-thumbnail","7":"category-actual","8":"category-edit","9":"category-pam","10":"category-pol","11":"category-uo","12":"tag-pnl-giurgiu"},"_links":{"self":[{"href":"https:\/\/giurgiu-net.ro\/index.php\/wp-json\/wp\/v2\/posts\/66179","targetHints":{"allow":["GET"]}}],"collection":[{"href":"https:\/\/giurgiu-net.ro\/index.php\/wp-json\/wp\/v2\/posts"}],"about":[{"href":"https:\/\/giurgiu-net.ro\/index.php\/wp-json\/wp\/v2\/types\/post"}],"author":[{"embeddable":true,"href":"https:\/\/giurgiu-net.ro\/index.php\/wp-json\/wp\/v2\/users\/1"}],"replies":[{"embeddable":true,"href":"https:\/\/giurgiu-net.ro\/index.php\/wp-json\/wp\/v2\/comments?post=66179"}],"version-history":[{"count":0,"href":"https:\/\/giurgiu-net.ro\/index.php\/wp-json\/wp\/v2\/posts\/66179\/revisions"}],"wp:featuredmedia":[{"embeddable":true,"href":"https:\/\/giurgiu-net.ro\/index.php\/wp-json\/"}],"wp:attachment":[{"href":"https:\/\/giurgiu-net.ro\/index.php\/wp-json\/wp\/v2\/media?parent=66179"}],"wp:term":[{"taxonomy":"category","embeddable":true,"href":"https:\/\/giurgiu-net.ro\/index.php\/wp-json\/wp\/v2\/categories?post=66179"},{"taxonomy":"post_tag","embeddable":true,"href":"https:\/\/giurgiu-net.ro\/index.php\/wp-json\/wp\/v2\/tags?post=66179"}],"curies":[{"name":"wp","href":"https:\/\/api.w.org\/{rel}","templated":true}]}}