{"id":66172,"date":"2019-03-06T11:08:14","date_gmt":"2019-03-06T09:08:14","guid":{"rendered":"http:\/\/giurgiu-net.ro\/?p=66172"},"modified":"2019-03-06T11:08:14","modified_gmt":"2019-03-06T09:08:14","slug":"vicepresedintele-cj-giurgiu-lucian-corozel-la-sedinta-consiliului-pentru-dezvoltare-regionala","status":"publish","type":"post","link":"https:\/\/giurgiu-net.ro\/index.php\/2019\/03\/06\/vicepresedintele-cj-giurgiu-lucian-corozel-la-sedinta-consiliului-pentru-dezvoltare-regionala\/","title":{"rendered":"Vicepre\u015fedintele CJ Giurgiu, Lucian Corozel, la \u015fedin\u0163a Consiliului pentru Dezvoltare Regional\u0103"},"content":{"rendered":"\n<p>Vicepresedintele Consiliului Judetean Giurgiu, Lucian Corozel, a participat mar\u0163i, 5 martie, la \u0219edin\u021ba ordinar\u0103 a Consiliului pentru Dezvoltare Regional\u0103 (CpDR).<\/p>\n\n\n\n<p><br \/>\u00cen cadrul ultimei \u015fedin\u0163e a Consiliului pentru Dezvoltare Regional\u0103 din 10.12.2018, mandatul de pre\u015fedinte al Consiliului pentru Dezvoltare Regional\u0103 a fost preluat pentru anul 2019 de c\u0103tre Victor Moraru, pre\u015fedintele Consiliului Jude\u0163ean Ialomita, iar mandatul de vicepre\u015fedinte i-a revenit lui Ionel D\u0103nu\u0163 Cristescu, pre\u015fedintele Consiliului Jude\u0163ean Teleorman. <\/p>\n\n\n\n<p><br \/> Reuniunea membrilor Consiliului pentru Dezvoltare Regional\u0103, condus\u0103 de pre\u015fedintele Consiliului Jude\u0163ean Ialomi\u0163a, Victor Moraru, a avut pe ordinea de zi dezbaterea \u0219i aprobarea urm\u0103toarelor proiecte: <br \/> &#8211; Rectificarea bugetului Agen\u0163iei pentru Dezvoltare Regional\u0103 Sud-Muntenia pentru anul 2019;<br \/> &#8211; Aprobarea raportului de activitate al Agen\u0163iei pentru Dezvoltare Regional\u0103 Sud-Muntenia pentru perioada 01 octombrie \u2013 31 decembrie 2018, prezentat de domnul Liviu Gabriel Mu\u015fat &#8211; directorul Agen\u0163iei pentru Dezvoltare Regional\u0103 Sud Muntenia;<br \/> &#8211; Stabilirea unor normative de cheltuieli ale Agen\u0163iei pentru Dezvoltare Regional\u0103 Sud-Muntenia cu privire la deplasarea \u00een \u0163ar\u0103 sau str\u0103in\u0103tate.<br \/> Proiectele de hot\u0103r\u00e2re au fost aprobate \u00een unanimitate.<br \/> De asemenea, membrii Consiliului pentru Dezvoltare Regional\u0103 au analizat situa\u0163ia depunerilor de proiecte \u00een raport cu alocarea regional\u0103 pe axe prioritare\/priorit\u0103\u0163i de investi\u0163ii \u015fi posibilitatea de realoc\u0103ri financiare \u00eentre acestea \u2013 POR 2014-2020, necesitatea \u00eenfiin\u0163\u0103rii unei reprezentan\u0163e a Regiunii Sud Muntenia la Bruxelles, s-au purtat discutii cu privire la modificarea comisiei de cenzori si stabilirea loca\u0163iei privind organizarea Comitetului de Monitorizare a Programului Opera\u0163ional Regional, care se va desf\u0103\u015fura \u00een regiunea Sud Muntenia.<br \/> Totodat\u0103 au fost f\u0103cute inform\u0103ri cu privire la stadiul Programului Opera\u0163ional Regional 2014 \u2013 2020 \u00een regiunea de Dezvoltare Sud Muntenia \u015fi proiectele implementate de Agen\u0163ia pentru Dezvoltare Regional\u0103 Sud Muntenia.<\/p>\n\n\n\n<p>Consiliul pentru Dezvoltare Regional\u0103 este organism regional deliberativ, f\u0103r\u0103 personalitate juridic\u0103, care este constituit \u015fi func\u0163ioneaz\u0103 pe principii parteneriale la nivelul Regiunii de Dezvoltare Sud Muntenia, \u00een scopul coordon\u0103rii activit\u0103\u0163ilor de elaborare \u015fi monitorizare ce decurg din politicile de dezvoltare regional\u0103.<br \/> CpDR Sud-Muntenia este alc\u0103tuit din 28 de membri, c\u00e2te patru de la nivelul fiec\u0103rui jude\u0163 din regiunea Sud Muntenia (Arge\u015f, C\u0103l\u0103ra\u015fi, D\u00e2mbovi\u0163a, Giurgiu, Ialomi\u0163a, Prahova \u015fi Teleorman), dup\u0103 cum urmeaz\u0103: pre\u015fedintele consiliului jude\u0163ean, reprezentantul consiliilor locale municipale, reprezentantul consiliilor locale or\u0103\u015fene\u015fti, reprezentantul consiliilor locale comunale.<\/p>\n\n\n\n<p>Surs\u0103: Consiliul Jude\u0163ean Giurgiu-pagina de Facebook<br \/> <br \/> <\/p>\n","protected":false},"excerpt":{"rendered":"<p>Vicepresedintele Consiliului Judetean Giurgiu, Lucian Corozel, a participat mar\u0163i, 5 martie, la \u0219edin\u021ba ordinar\u0103 a Consiliului pentru Dezvoltare Regional\u0103 (CpDR). \u00cen cadrul ultimei \u015fedin\u0163e a Consiliului pentru Dezvoltare Regional\u0103 din 10.12.2018, mandatul de pre\u015fedinte al Consiliului pentru Dezvoltare Regional\u0103 a fost preluat pentru anul 2019 de c\u0103tre Victor Moraru, pre\u015fedintele Consiliului Jude\u0163ean Ialomita, iar mandatul [&hellip;]<\/p>\n","protected":false},"author":1,"featured_media":66173,"comment_status":"open","ping_status":"open","sticky":false,"template":"","format":"standard","meta":{"slim_seo":{"title":"Vicepre\u015fedintele CJ Giurgiu, Lucian Corozel, la \u015fedin\u0163a Consiliului pentru Dezvoltare Regional\u0103 - GIURGIU NET","description":"Vicepresedintele Consiliului Judetean Giurgiu, Lucian Corozel, a participat mar\u0163i, 5 martie, la \u0219edin\u021ba ordinar\u0103 a Consiliului pentru Dezvoltare Regional\u0103 (CpDR"},"footnotes":""},"categories":[18,19,28],"tags":[],"class_list":{"0":"post-66172","1":"post","2":"type-post","3":"status-publish","4":"format-standard","5":"has-post-thumbnail","7":"category-actual","8":"category-adm","9":"category-uo"},"_links":{"self":[{"href":"https:\/\/giurgiu-net.ro\/index.php\/wp-json\/wp\/v2\/posts\/66172","targetHints":{"allow":["GET"]}}],"collection":[{"href":"https:\/\/giurgiu-net.ro\/index.php\/wp-json\/wp\/v2\/posts"}],"about":[{"href":"https:\/\/giurgiu-net.ro\/index.php\/wp-json\/wp\/v2\/types\/post"}],"author":[{"embeddable":true,"href":"https:\/\/giurgiu-net.ro\/index.php\/wp-json\/wp\/v2\/users\/1"}],"replies":[{"embeddable":true,"href":"https:\/\/giurgiu-net.ro\/index.php\/wp-json\/wp\/v2\/comments?post=66172"}],"version-history":[{"count":0,"href":"https:\/\/giurgiu-net.ro\/index.php\/wp-json\/wp\/v2\/posts\/66172\/revisions"}],"wp:featuredmedia":[{"embeddable":true,"href":"https:\/\/giurgiu-net.ro\/index.php\/wp-json\/"}],"wp:attachment":[{"href":"https:\/\/giurgiu-net.ro\/index.php\/wp-json\/wp\/v2\/media?parent=66172"}],"wp:term":[{"taxonomy":"category","embeddable":true,"href":"https:\/\/giurgiu-net.ro\/index.php\/wp-json\/wp\/v2\/categories?post=66172"},{"taxonomy":"post_tag","embeddable":true,"href":"https:\/\/giurgiu-net.ro\/index.php\/wp-json\/wp\/v2\/tags?post=66172"}],"curies":[{"name":"wp","href":"https:\/\/api.w.org\/{rel}","templated":true}]}}