{"id":66134,"date":"2019-03-05T12:05:07","date_gmt":"2019-03-05T10:05:07","guid":{"rendered":"http:\/\/giurgiu-net.ro\/?p=66134"},"modified":"2019-03-05T12:05:07","modified_gmt":"2019-03-05T10:05:07","slug":"ultima-ora-un-incendiu-de-vegetatie-s-a-propagat-la-o-casa-si-o-masina-un-copil-si-un-batran-evacuati-din-locuinta-cuprinsa-de-flacari","status":"publish","type":"post","link":"https:\/\/giurgiu-net.ro\/index.php\/2019\/03\/05\/ultima-ora-un-incendiu-de-vegetatie-s-a-propagat-la-o-casa-si-o-masina-un-copil-si-un-batran-evacuati-din-locuinta-cuprinsa-de-flacari\/","title":{"rendered":"ULTIMA OR\u0102: Un incendiu de vegeta\u0163ie s-a propagat la o cas\u0103 \u015fi o ma\u015fin\u0103. Un copil \u015fi un b\u0103tr\u00e2n, evacua\u0163i"},"content":{"rendered":"\n<p>Pompierii giurgiuveni anun\u0163\u0103 astfel c\u0103, ini\u0163ial, a fost vorba despre un incendiu vegetatie uscat\u0103 \u00een  Br\u0103nistari, care s-a propagat la un autoturism si LA o casa de locuit. <\/p>\n\n\n\n<p>&#8222;\u00cen locuinta erau 2 persoane (un copil, de 8 luni, si un batran), care p\u00e2n\u0103 la sosirea echipajelor noastre au fost evacua\u021bi. La fa\u021ba locului este prezent 1 ASAS de la P.L. Calugareni, deplasandu-se c\u0103tre locul incendiului alte 2 ASAS-uri (1 de la G.I. Mihailesti si 1 de la G.I. Colibasi). <\/p>\n\n\n\n<p>\u00centruc\u00e2t \u00een apropierea locului de manifestare a incendiului este amplasat\u0103 si o ferm\u0103, iar v\u00e2ntul sufl\u0103 cu putere s-a luat decizia mobiliz\u0103rii la fata locului a celor 2 ASAS-uri de la Mihailesti si Colibasi. Victimele sunt \u00een afara oric\u0103rui pericol&#8221;, anun\u0163\u0103 pompierii giurgiuveni.<\/p>\n\n\n\n<p>Foto: ISU Giurgiu<\/p>\n\n\n\n<ul class=\"wp-block-gallery columns-3 is-cropped wp-block-gallery-1 is-layout-flex wp-block-gallery-is-layout-flex\"><li class=\"blocks-gallery-item\"><figure><img decoding=\"async\" src=\"https:\/\/giurgiu-net.ro\/wp-content\/uploads\/2019\/03\/incendiu-branistari-1-1-225x300.jpeg\" alt=\"\" data-id=\"66144\" data-link=\"https:\/\/giurgiu-net.ro\/archives\/66134\/incendiu-branistari-1-2\" class=\"wp-image-66144\"\/><\/figure><\/li><li class=\"blocks-gallery-item\"><figure><img decoding=\"async\" src=\"https:\/\/giurgiu-net.ro\/wp-content\/uploads\/2019\/03\/incendiu-branistari-2-1-225x300.jpeg\" alt=\"\" data-id=\"66145\" data-link=\"https:\/\/giurgiu-net.ro\/archives\/66134\/incendiu-branistari-2-2\" class=\"wp-image-66145\"\/><\/figure><\/li><li class=\"blocks-gallery-item\"><figure><img decoding=\"async\" src=\"https:\/\/giurgiu-net.ro\/wp-content\/uploads\/2019\/03\/incendiu-branistari-3-1-300x225.jpeg\" alt=\"\" data-id=\"66146\" data-link=\"https:\/\/giurgiu-net.ro\/archives\/66134\/incendiu-branistari-3-2\" class=\"wp-image-66146\"\/><\/figure><\/li><li class=\"blocks-gallery-item\"><figure><img decoding=\"async\" src=\"https:\/\/giurgiu-net.ro\/wp-content\/uploads\/2019\/03\/incendiu-branistari-4-1-225x300.jpeg\" alt=\"\" data-id=\"66147\" data-link=\"https:\/\/giurgiu-net.ro\/archives\/66134\/incendiu-branistari-4-2\" class=\"wp-image-66147\"\/><\/figure><\/li><li class=\"blocks-gallery-item\"><figure><img decoding=\"async\" src=\"https:\/\/giurgiu-net.ro\/wp-content\/uploads\/2019\/03\/incendiu-branistari-5-1-225x300.jpeg\" alt=\"\" data-id=\"66148\" data-link=\"https:\/\/giurgiu-net.ro\/archives\/66134\/incendiu-branistari-5-2\" class=\"wp-image-66148\"\/><\/figure><\/li><li class=\"blocks-gallery-item\"><figure><img decoding=\"async\" src=\"https:\/\/giurgiu-net.ro\/wp-content\/uploads\/2019\/03\/incendiu-branistari-6-1-300x225.jpeg\" alt=\"\" data-id=\"66149\" data-link=\"https:\/\/giurgiu-net.ro\/archives\/66134\/incendiu-branistari-6-2\" class=\"wp-image-66149\"\/><\/figure><\/li><\/ul>\n","protected":false},"excerpt":{"rendered":"<p>Pompierii giurgiuveni anun\u0163\u0103 astfel c\u0103, ini\u0163ial, a fost vorba despre un incendiu vegetatie uscat\u0103 \u00een Br\u0103nistari, care s-a propagat la un autoturism si LA o casa de locuit. &#8222;\u00cen locuinta erau 2 persoane (un copil, de 8 luni, si un batran), care p\u00e2n\u0103 la sosirea echipajelor noastre au fost evacua\u021bi. La fa\u021ba locului este prezent [&hellip;]<\/p>\n","protected":false},"author":1,"featured_media":66146,"comment_status":"open","ping_status":"open","sticky":false,"template":"","format":"standard","meta":{"slim_seo":{"title":"ULTIMA OR\u0102: Un incendiu de vegeta\u0163ie s-a propagat la o cas\u0103 \u015fi o ma\u015fin\u0103. Un copil \u015fi un b\u0103tr\u00e2n, evacua\u0163i - GIURGIU NET","description":"Pompierii giurgiuveni anun\u0163\u0103 astfel c\u0103, ini\u0163ial, a fost vorba despre un incendiu vegetatie uscat\u0103 \u00een Br\u0103nistari, care s-a propagat la un autoturism si LA o casa"},"footnotes":""},"categories":[18,26,28],"tags":[],"class_list":{"0":"post-66134","1":"post","2":"type-post","3":"status-publish","4":"format-standard","5":"has-post-thumbnail","7":"category-actual","8":"category-soc","9":"category-uo"},"_links":{"self":[{"href":"https:\/\/giurgiu-net.ro\/index.php\/wp-json\/wp\/v2\/posts\/66134","targetHints":{"allow":["GET"]}}],"collection":[{"href":"https:\/\/giurgiu-net.ro\/index.php\/wp-json\/wp\/v2\/posts"}],"about":[{"href":"https:\/\/giurgiu-net.ro\/index.php\/wp-json\/wp\/v2\/types\/post"}],"author":[{"embeddable":true,"href":"https:\/\/giurgiu-net.ro\/index.php\/wp-json\/wp\/v2\/users\/1"}],"replies":[{"embeddable":true,"href":"https:\/\/giurgiu-net.ro\/index.php\/wp-json\/wp\/v2\/comments?post=66134"}],"version-history":[{"count":0,"href":"https:\/\/giurgiu-net.ro\/index.php\/wp-json\/wp\/v2\/posts\/66134\/revisions"}],"wp:featuredmedia":[{"embeddable":true,"href":"https:\/\/giurgiu-net.ro\/index.php\/wp-json\/"}],"wp:attachment":[{"href":"https:\/\/giurgiu-net.ro\/index.php\/wp-json\/wp\/v2\/media?parent=66134"}],"wp:term":[{"taxonomy":"category","embeddable":true,"href":"https:\/\/giurgiu-net.ro\/index.php\/wp-json\/wp\/v2\/categories?post=66134"},{"taxonomy":"post_tag","embeddable":true,"href":"https:\/\/giurgiu-net.ro\/index.php\/wp-json\/wp\/v2\/tags?post=66134"}],"curies":[{"name":"wp","href":"https:\/\/api.w.org\/{rel}","templated":true}]}}