{"id":66130,"date":"2019-03-05T10:11:05","date_gmt":"2019-03-05T08:11:05","guid":{"rendered":"http:\/\/giurgiu-net.ro\/?p=66130"},"modified":"2019-03-05T10:11:05","modified_gmt":"2019-03-05T08:11:05","slug":"pakistanezi-ascunsi-printre-caloriferele-dintr-un-tir-prinsi-in-vama-giurgiu","status":"publish","type":"post","link":"https:\/\/giurgiu-net.ro\/index.php\/2019\/03\/05\/pakistanezi-ascunsi-printre-caloriferele-dintr-un-tir-prinsi-in-vama-giurgiu\/","title":{"rendered":"Pakistanezi, ascun\u015fi printre caloriferele dintr-un tir, prin\u015fi \u00een Vama Giurgiu"},"content":{"rendered":"\n<p><em>Poli\u0163i\u015ftii de frontier\u0103 din cadrul Punctului de Trecere a Frontierei\nGiurgiu au descoperit, ascun\u0219i \u00eentr-un camion \u00eenc\u0103rcat cu calorifere, trei\ncet\u0103\u021beni pakistanezi care inten\u0163ionau s\u0103 intre ilegal \u00een Rom\u00e2nia.<\/em><\/p>\n\n\n\n<p>Potrivit unui comunicat de pres\u0103 al Poli\u0163iei de Frontier\u0103 Giurgiu, pe 4 martie,  \u00een jurul orei 09.20, \u00een Punctul de Trecere a Frontierei Giurgiu s-a prezentat pentru a intra \u00een \u0163ar\u0103, la volanul unui autocamion marca Daf, \u00eenmatriculat \u00een Rom\u00e2nia, cet\u0103\u0163eanul rom\u00e2n M.G. \u00een v\u00e2rst\u0103 de 61 de ani, care transporta, conform documentelor de \u00eenso\u0163ire a m\u0103rfii, calorifere din Turcia pentru o societate din Rom\u00e2nia.<\/p>\n\n\n\n<p>&#8222;Proced\u00e2nd la verificarea mijlocului de transport, poli\u021bi\u0219tii de frontier\u0103 au observat c\u0103 \u0219nurul de siguran\u021b\u0103 al semiremorcii este sec\u021bionat \u0219i relipit. De asemenea, la verificarea cu sonda CO2, aparatul a indicat o concentra\u0163ie de dioxid de carbon mai mare dec\u00e2t valoarea normal\u0103, fapt pentru care s-a procedat la deschiderea compartimentului marf\u0103.\u00a0 <\/p>\n\n\n\n<p>\u00cen urma controlului am\u0103nun\u0163it, printre marfa transportat\u0103, au fost\ndescoperite ascunse trei persoane de sex masculin, care nu de\u0163ineau documente\nde identitate.<\/p>\n\n\n\n<p>La cercet\u0103ri, poli\u0163i\u015ftii de frontier\u0103 au stabilit c\u0103 persoanele \u00een cauz\u0103 sunt cet\u0103\u021beni pakistanezi, cu v\u00e2rste cuprinse \u00eentre 22 \u0219i 37 de ani. Ace\u0219tia au declarat c\u0103 s-au urcat \u00een semiremorca autocamionului f\u0103r\u0103 \u0219tirea \u0219oferului, \u00eentr-o parcare din Turcia, cu ajutorul unui cet\u0103\u021bean afgan a c\u0103rui identitate nu o cunosc, c\u0103ruia i-au pl\u0103tit 500 de euro fiecare. Totodat\u0103, au mai men\u021bionat faptul c\u0103 au recurs la aceast\u0103 metod\u0103 deoarece inten\u021bionau s\u0103 ajung\u0103 \u00een Germania&#8221;, este precizat \u00een comunica.<\/p>\n\n\n\n<p>Pakistanezii, conform protocolului rom\u00e2no &#8211; bulgar, au fost prelua\u0163i de Poli\u0163ia de Frontier\u0103 Bulgar\u0103 \u00een vederea continu\u0103rii cercet\u0103rilor \u015fi dispunerii m\u0103surilor legale ce se impun.<\/p>\n","protected":false},"excerpt":{"rendered":"<p>Poli\u0163i\u015ftii de frontier\u0103 din cadrul Punctului de Trecere a Frontierei Giurgiu au descoperit, ascun\u0219i \u00eentr-un camion \u00eenc\u0103rcat cu calorifere, trei cet\u0103\u021beni pakistanezi care inten\u0163ionau s\u0103 intre ilegal \u00een Rom\u00e2nia. Potrivit unui comunicat de pres\u0103 al Poli\u0163iei de Frontier\u0103 Giurgiu, pe 4 martie, \u00een jurul orei 09.20, \u00een Punctul de Trecere a Frontierei Giurgiu s-a prezentat [&hellip;]<\/p>\n","protected":false},"author":1,"featured_media":66131,"comment_status":"open","ping_status":"open","sticky":false,"template":"","format":"standard","meta":{"slim_seo":{"title":"Pakistanezi, ascun\u015fi printre caloriferele dintr-un tir, prin\u015fi \u00een Vama Giurgiu - GIURGIU NET","description":"Poli\u0163i\u015ftii de frontier\u0103 din cadrul Punctului de Trecere a Frontierei Giurgiu au descoperit, ascun\u0219i \u00eentr-un camion \u00eenc\u0103rcat cu calorifere, trei cet\u0103\u021beni pakista"},"footnotes":""},"categories":[18,26,28],"tags":[],"class_list":{"0":"post-66130","1":"post","2":"type-post","3":"status-publish","4":"format-standard","5":"has-post-thumbnail","7":"category-actual","8":"category-soc","9":"category-uo"},"_links":{"self":[{"href":"https:\/\/giurgiu-net.ro\/index.php\/wp-json\/wp\/v2\/posts\/66130","targetHints":{"allow":["GET"]}}],"collection":[{"href":"https:\/\/giurgiu-net.ro\/index.php\/wp-json\/wp\/v2\/posts"}],"about":[{"href":"https:\/\/giurgiu-net.ro\/index.php\/wp-json\/wp\/v2\/types\/post"}],"author":[{"embeddable":true,"href":"https:\/\/giurgiu-net.ro\/index.php\/wp-json\/wp\/v2\/users\/1"}],"replies":[{"embeddable":true,"href":"https:\/\/giurgiu-net.ro\/index.php\/wp-json\/wp\/v2\/comments?post=66130"}],"version-history":[{"count":0,"href":"https:\/\/giurgiu-net.ro\/index.php\/wp-json\/wp\/v2\/posts\/66130\/revisions"}],"wp:featuredmedia":[{"embeddable":true,"href":"https:\/\/giurgiu-net.ro\/index.php\/wp-json\/"}],"wp:attachment":[{"href":"https:\/\/giurgiu-net.ro\/index.php\/wp-json\/wp\/v2\/media?parent=66130"}],"wp:term":[{"taxonomy":"category","embeddable":true,"href":"https:\/\/giurgiu-net.ro\/index.php\/wp-json\/wp\/v2\/categories?post=66130"},{"taxonomy":"post_tag","embeddable":true,"href":"https:\/\/giurgiu-net.ro\/index.php\/wp-json\/wp\/v2\/tags?post=66130"}],"curies":[{"name":"wp","href":"https:\/\/api.w.org\/{rel}","templated":true}]}}