{"id":66125,"date":"2019-03-04T20:20:38","date_gmt":"2019-03-04T18:20:38","guid":{"rendered":"http:\/\/giurgiu-net.ro\/?p=66125"},"modified":"2019-03-04T20:20:38","modified_gmt":"2019-03-04T18:20:38","slug":"opinie-iohannis-la-schi-in-cinstea-blocajului-din-romania","status":"publish","type":"post","link":"https:\/\/giurgiu-net.ro\/index.php\/2019\/03\/04\/opinie-iohannis-la-schi-in-cinstea-blocajului-din-romania\/","title":{"rendered":"OPINIE: Iohannis, la schi, \u00een cinstea blocajului din Rom\u00e2nia?"},"content":{"rendered":"\n<p>Am a\u015fa senza\u0163ia c\u0103 se cam autor\u0103spl\u0103te\u015fte pre\u015fedintele \u0163\u0103rii, at\u00e2t de ostenit \u015fi satisf\u0103cut pe deplin, dup\u0103 &#8222;loviturile sale \u00een cascad\u0103&#8221;. Unii zic c\u0103-s \u00eempotriva PSD-ALDE, cei mai mul\u0163i realizeaz\u0103, \u00eens\u0103, c\u0103 efectele se r\u0103sfr\u00e2ng asupra tuturor rom\u00e2nilor.<\/p>\n\n\n\n<p>Cum nu nume\u015fte vreun ministru, pac- fugu\u0163a la munte, r\u00e2nje\u015fte \u00een fotografii cu turi\u015ftii \u015fi d\u0103 &#8222;semnale&#8221; cu fum c\u0103 el e boss. Boss-ul cui, stimabile? Cum nu promulg\u0103 vreo lege, pac- \u0163u\u015fti la munte, r\u00e2nje\u015fte \u00een fotografii \u015fi d\u0103 &#8222;semnale&#8221; cu fum c\u0103 tot el e boss. <\/p>\n\n\n\n<p>Mare boss, parc\u0103 sem\u0103na\u0163i cu unu&#8217; de-al minionilor, z\u0103u!, cu grij\u0103 s\u0103 nu p\u0103\u0163i\u0163i ca-n desene, c\u0103 minionii \u0103\u015ftia de la PNL au o predilec\u0163ie c\u0103tre distrugere! Ba\u015fca autodistrugere. Oricum dori\u0163i s\u0103 interpreta\u0163i asta.<\/p>\n\n\n\n<p>\u00cen timp ce autorit\u0103\u0163ile locale deja se sufoc\u0103, realiz\u00e2nd c\u0103 vor avea buget abia prin aprilie-mai(!!!), mai avem \u015fi ni\u015fte marinari rom\u00e2ni r\u0103pi\u0163i de pira\u0163i<em>(bine, asta e ca \u015fi cu z\u0103pada care cade, a dracului, fix c\u00e2nd primarii nu sunt acas\u0103- nicio aluzie, pe cuv\u00e2nt!<\/em>), avem scandal pe ordonan\u0163e, avem o opozi\u0163ie crizat\u0103 care url\u0103 de &#8222;mila&#8221; rom\u00e2nilor tot mai s\u0103raci, dar care, paradoxal, au salarii m\u0103rite, pensii dublate etc. <\/p>\n\n\n\n<p>\u015ei el ce facem, m\u0103? El, pre\u015fedintele \u0163\u0103rii, care mai vrea un mandat? El apare iar la munte, pe schiuri, cu turi\u015fti, r\u00e2njind \u00een fotografii. A\u015fa, ca dup\u0103 o mare, mare realizare pentru Rom\u00e2nia&#8230; <\/p>\n\n\n\n<p>Oricum, \u00een afar\u0103 de be\u0163ele-n roate puse Guvernului PSD-ALDE, de c\u00e2nd e pre\u015fedinte, Klaus Iohannis a mai f\u0103cut ceva pentru Rom\u00e2nia? \u015etie careva, serios acum, un exemplu c\u00e2t de mic, s\u0103 zicem, nu \u015ftiu: &#8211; datorit\u0103 lui Iohanis, de acum, Rom\u00e2nia&#8230;<\/p>\n\n\n\n<p>Da, din cauza lui, Rom\u00e2nia e blocat\u0103 odat\u0103 cu bugetul pe care-l trimite &#8222;haotic&#8221; la CCR, \u015fi el r\u00e2nje\u015fte la munte. <\/p>\n\n\n\n<p>Auzi\u0163i, da&#8217; o fi plecat cu tichetele de vacan\u0163\u0103 date de Guvern?<\/p>\n\n\n\n<figure class=\"wp-block-image\"><img decoding=\"async\" src=\"https:\/\/giurgiu-net.ro\/wp-content\/uploads\/2019\/03\/ioh-ski-1.jpg\" alt=\"\" class=\"wp-image-66127\"\/><\/figure>\n\n\n\n<p>C\u0103t\u0103lina Sfetcu <\/p>\n\n\n\n<p><\/p>\n","protected":false},"excerpt":{"rendered":"<p>Am a\u015fa senza\u0163ia c\u0103 se cam autor\u0103spl\u0103te\u015fte pre\u015fedintele \u0163\u0103rii, at\u00e2t de ostenit \u015fi satisf\u0103cut pe deplin, dup\u0103 &#8222;loviturile sale \u00een cascad\u0103&#8221;. Unii zic c\u0103-s \u00eempotriva PSD-ALDE, cei mai mul\u0163i realizeaz\u0103, \u00eens\u0103, c\u0103 efectele se r\u0103sfr\u00e2ng asupra tuturor rom\u00e2nilor. Cum nu nume\u015fte vreun ministru, pac- fugu\u0163a la munte, r\u00e2nje\u015fte \u00een fotografii cu turi\u015ftii \u015fi d\u0103 &#8222;semnale&#8221; [&hellip;]<\/p>\n","protected":false},"author":1,"featured_media":66126,"comment_status":"open","ping_status":"open","sticky":false,"template":"","format":"standard","meta":{"slim_seo":{"title":"OPINIE: Iohannis, la schi, \u00een cinstea blocajului din Rom\u00e2nia? - GIURGIU NET","description":"Am a\u015fa senza\u0163ia c\u0103 se cam autor\u0103spl\u0103te\u015fte pre\u015fedintele \u0163\u0103rii, at\u00e2t de ostenit \u015fi satisf\u0103cut pe deplin, dup\u0103 \"loviturile sale \u00een cascad\u0103\". Unii zic c\u0103-s \u00eempotriv"},"footnotes":""},"categories":[18,20,22,25,26,28],"tags":[],"class_list":{"0":"post-66125","1":"post","2":"type-post","3":"status-publish","4":"format-standard","5":"has-post-thumbnail","7":"category-actual","8":"category-edit","9":"category-nt","10":"category-pol","11":"category-soc","12":"category-uo"},"_links":{"self":[{"href":"https:\/\/giurgiu-net.ro\/index.php\/wp-json\/wp\/v2\/posts\/66125","targetHints":{"allow":["GET"]}}],"collection":[{"href":"https:\/\/giurgiu-net.ro\/index.php\/wp-json\/wp\/v2\/posts"}],"about":[{"href":"https:\/\/giurgiu-net.ro\/index.php\/wp-json\/wp\/v2\/types\/post"}],"author":[{"embeddable":true,"href":"https:\/\/giurgiu-net.ro\/index.php\/wp-json\/wp\/v2\/users\/1"}],"replies":[{"embeddable":true,"href":"https:\/\/giurgiu-net.ro\/index.php\/wp-json\/wp\/v2\/comments?post=66125"}],"version-history":[{"count":0,"href":"https:\/\/giurgiu-net.ro\/index.php\/wp-json\/wp\/v2\/posts\/66125\/revisions"}],"wp:featuredmedia":[{"embeddable":true,"href":"https:\/\/giurgiu-net.ro\/index.php\/wp-json\/"}],"wp:attachment":[{"href":"https:\/\/giurgiu-net.ro\/index.php\/wp-json\/wp\/v2\/media?parent=66125"}],"wp:term":[{"taxonomy":"category","embeddable":true,"href":"https:\/\/giurgiu-net.ro\/index.php\/wp-json\/wp\/v2\/categories?post=66125"},{"taxonomy":"post_tag","embeddable":true,"href":"https:\/\/giurgiu-net.ro\/index.php\/wp-json\/wp\/v2\/tags?post=66125"}],"curies":[{"name":"wp","href":"https:\/\/api.w.org\/{rel}","templated":true}]}}