{"id":66121,"date":"2019-03-04T14:19:26","date_gmt":"2019-03-04T12:19:26","guid":{"rendered":"http:\/\/giurgiu-net.ro\/?p=66121"},"modified":"2019-03-04T14:19:26","modified_gmt":"2019-03-04T12:19:26","slug":"ministrul-economiei-intrevedere-cu-presedintele-oficiului-european-de-brevede","status":"publish","type":"post","link":"https:\/\/giurgiu-net.ro\/index.php\/2019\/03\/04\/ministrul-economiei-intrevedere-cu-presedintele-oficiului-european-de-brevede\/","title":{"rendered":"Ministrul Economiei, \u00eentrevedere cu pre\u015fedintele Oficiului European de Brevete"},"content":{"rendered":"\n<figure class=\"wp-block-image\"><img decoding=\"async\" src=\"https:\/\/giurgiu-net.ro\/wp-content\/uploads\/2019\/03\/53139631_865800013764562_6289563826387943424_n.jpg\" alt=\"\" class=\"wp-image-66122\"\/><\/figure>\n\n\n\n<p>&#8222;M-am \u00eent\u00e2lnit ast\u0103zi cu domnul Ant\u00f3nio Campinos, Pre\u0219edintele Oficiului European de Brevete, \u00een marja conferin\u021bei \u201cViitorul propriet\u0103\u021bii intelectuale \u00een Europa \u2013 provoc\u0103ri \u0219i perspective\u201d, organizat\u0103 de c\u0103tre Oficiul de Stat pentru Inven\u021bii \u0219i M\u0103rci, \u00een contextul exercit\u0103rii de c\u0103tre Rom\u00e2nia a Pre\u0219edin\u021biei Consiliului Uniunii Europene (PRES RO).<\/p>\n\n\n\n<p>Cu prilejul \u00eent\u00e2lnirii mi-am exprimat convingerea c\u0103 rezultatele Conferin\u021bei vor reprezenta un important punct de sprijin \u00een ceea ce prive\u0219te consolidarea propriet\u0103\u021bii intelectuale made in Europe, ceea ce ne va permite dezvoltarea prosperit\u0103\u021bii pentru cet\u0103\u021benii europeni \u0219i men\u021binerea competitivit\u0103\u021bii antreprenorilor europeni&#8221;, a anun\u0163at pe pagina sa de Facebook, ministrul Economiei, giurgiuveanul Niculae B\u0103d\u0103l\u0103u.<\/p>\n","protected":false},"excerpt":{"rendered":"<p>&#8222;M-am \u00eent\u00e2lnit ast\u0103zi cu domnul Ant\u00f3nio Campinos, Pre\u0219edintele Oficiului European de Brevete, \u00een marja conferin\u021bei \u201cViitorul propriet\u0103\u021bii intelectuale \u00een Europa \u2013 provoc\u0103ri \u0219i perspective\u201d, organizat\u0103 de c\u0103tre Oficiul de Stat pentru Inven\u021bii \u0219i M\u0103rci, \u00een contextul exercit\u0103rii de c\u0103tre Rom\u00e2nia a Pre\u0219edin\u021biei Consiliului Uniunii Europene (PRES RO). Cu prilejul \u00eent\u00e2lnirii mi-am exprimat convingerea c\u0103 rezultatele [&hellip;]<\/p>\n","protected":false},"author":1,"featured_media":66122,"comment_status":"open","ping_status":"open","sticky":false,"template":"","format":"standard","meta":{"slim_seo":{"title":"Ministrul Economiei, \u00eentrevedere cu pre\u015fedintele Oficiului European de Brevete - GIURGIU NET","description":"\"M-am \u00eent\u00e2lnit ast\u0103zi cu domnul Ant\u00f3nio Campinos, Pre\u0219edintele Oficiului European de Brevete, \u00een marja conferin\u021bei \u201cViitorul propriet\u0103\u021bii intelectuale \u00een Europa"},"footnotes":""},"categories":[18,19,22,28],"tags":[],"class_list":{"0":"post-66121","1":"post","2":"type-post","3":"status-publish","4":"format-standard","5":"has-post-thumbnail","7":"category-actual","8":"category-adm","9":"category-nt","10":"category-uo"},"_links":{"self":[{"href":"https:\/\/giurgiu-net.ro\/index.php\/wp-json\/wp\/v2\/posts\/66121","targetHints":{"allow":["GET"]}}],"collection":[{"href":"https:\/\/giurgiu-net.ro\/index.php\/wp-json\/wp\/v2\/posts"}],"about":[{"href":"https:\/\/giurgiu-net.ro\/index.php\/wp-json\/wp\/v2\/types\/post"}],"author":[{"embeddable":true,"href":"https:\/\/giurgiu-net.ro\/index.php\/wp-json\/wp\/v2\/users\/1"}],"replies":[{"embeddable":true,"href":"https:\/\/giurgiu-net.ro\/index.php\/wp-json\/wp\/v2\/comments?post=66121"}],"version-history":[{"count":0,"href":"https:\/\/giurgiu-net.ro\/index.php\/wp-json\/wp\/v2\/posts\/66121\/revisions"}],"wp:featuredmedia":[{"embeddable":true,"href":"https:\/\/giurgiu-net.ro\/index.php\/wp-json\/"}],"wp:attachment":[{"href":"https:\/\/giurgiu-net.ro\/index.php\/wp-json\/wp\/v2\/media?parent=66121"}],"wp:term":[{"taxonomy":"category","embeddable":true,"href":"https:\/\/giurgiu-net.ro\/index.php\/wp-json\/wp\/v2\/categories?post=66121"},{"taxonomy":"post_tag","embeddable":true,"href":"https:\/\/giurgiu-net.ro\/index.php\/wp-json\/wp\/v2\/tags?post=66121"}],"curies":[{"name":"wp","href":"https:\/\/api.w.org\/{rel}","templated":true}]}}