{"id":66116,"date":"2019-03-04T12:04:48","date_gmt":"2019-03-04T10:04:48","guid":{"rendered":"http:\/\/giurgiu-net.ro\/?p=66116"},"modified":"2019-03-04T12:04:48","modified_gmt":"2019-03-04T10:04:48","slug":"bravo-iasmina-singura-fata-pugilist-din-giurgiu-locul-i-la-cupa-romaniei","status":"publish","type":"post","link":"https:\/\/giurgiu-net.ro\/index.php\/2019\/03\/04\/bravo-iasmina-singura-fata-pugilist-din-giurgiu-locul-i-la-cupa-romaniei\/","title":{"rendered":"Bravo, Iasmina! Singura fat\u0103 pugilist din Giurgiu, locul I la Cupa Rom\u00e2niei!"},"content":{"rendered":"\n<p>Despre\nIasmina St\u00eerceanu am scris, nu de mult\u0103 vreme, cu apreciere \u015fi m\u00e2ndrie. <\/p>\n\n\n\n<p><em>Pute\u0163i reciti articolul <a href=\"https:\/\/giurgiu-net.ro\/archives\/65290\" target=\"_blank\" rel=\"noreferrer noopener\" aria-label=\"AICI  (se deschide \u00eentr-o fil\u0103 nou\u0103)\">AICI <\/a><\/em><\/p>\n\n\n\n<p>Ne\nbucur\u0103m c\u0103 avem ocazia s\u0103 scriem din nou despre ea, cu \u015fi mai mult\u0103 m\u00e2ndrie, dup\u0103\nce giurgiuveanca, \u00een v\u00e2rst\u0103 de doar 12 ani, a ob\u0163inut locul I la Cupa Rom\u00e2niei\nla Box, cade\u0163i-feminin, la categoria sa de greutate<\/p>\n\n\n\n<p>Iasmina\neste legitimat\u0103 la Clubul Sportiv Municipal(CSM) Giurgiu \u015fi se antreneaz\u0103 de un\nan \u015fi jum\u0103tate. <\/p>\n\n\n\n<p>\u201eCompeti\u0163ia s-a desf\u0103\u015furat \u00een perioada 25 februarie-1 martie, la Bucure\u015fti, la Complexul Sportiv Lia Manoliu. Doresc s\u0103 mul\u0163umesc conducerii Clubului Sportiv Municipal Giurgiu pentru \u00eentreaga sus\u0163inere \u015fi chiar directorul Cristina B\u0103lan a fost prezent\u0103 la meciul din final\u0103. Iasmina a ob\u0163inut locul I la categoria 44,5 kilograme. Este un prim succes al s\u0103u, ne antren\u0103m acum pentru Campionatul Na\u0163ional ce va avea loc peste 3 luni\u201d, ne-a declarat antrenorul Iasminei, Drago\u015f Diaconu(foto jos).<\/p>\n\n\n\n<p>Iasmina nu a venit acas\u0103 doar cu m\u00e2ndria de a fi prima la categoria sa, la un sport practicat \u00een general de b\u0103rba\u0163i, ci \u015fi cu amintiri. Ea s-a fotografiat cu renumitul Alec N\u0103stac, vicecampion mondial \u00een 1974, la Havana, singurul sportiv rom\u00e2n care a avut onoarea de a sta \u00een loja lui Fidel Castro, la invitatia acestuia din urma.<\/p>\n\n\n\n<figure class=\"wp-block-image\"><img decoding=\"async\" src=\"https:\/\/giurgiu-net.ro\/wp-content\/uploads\/2019\/03\/52765527_2265876530321529_5547481966850342912_n.jpg\" alt=\"\" class=\"wp-image-66117\"\/><\/figure>\n\n\n\n<p><\/p>\n\n\n\n<p>\u00cen alte dou\u0103 poze, postate pe Facebook de mama Iasminei, sportiva noastr\u0103 este al\u0103turi de Adrian L\u0103c\u0103tu\u015f, antrenorul lotului de senioare la box, \u015fi Mihaela L\u0103c\u0103tu\u015f, singura campioan\u0103 mondial\u0103 la box pentru Rom\u00e2nia.<\/p>\n\n\n\n<p>Fotografiile pot fi g\u0103site <a href=\"https:\/\/www.facebook.com\/Giurgiu-Net-Oficial-1869080486709220\/?__tn__=kC-R&amp;eid=ARCpq4v-0Q2XSWSnNA8CCTHW9XsoLrZaPqSuqj7qh7-nWBjr-PR7hEjoLUJqyRqVjhIgh-gpAhBHDPyK&amp;hc_ref=ARTnEgdDDVMSAVZyiXos0ZJLLYfMU7hE9RY0tb1gjPZFpEO1bQdI4_Q7MRs8mZGpVS4&amp;fref=nf&amp;__xts__[0]=68.ARCB2l78B405eSP3Mw0h_5M95OW9Z-RwvluvMUft7wg_SohLhWUYC-N5USGxCo6L6a4r2LOimwni6ALQ8ygDHZmoOje7n9W1G1edKIqbGkbGQIqyMc8gSFkvIehROe6ZbpiKTPo7D9XyfVduIVJ5-qyD8ACMyJqFQkWendn0oDex5goKur9RH7qAYu6v_3mOGfXd0hQV24OJ_mYTNcjY52e-MJtsaut2IoR3b9XEc9PVZvws4LJsY8-lA8PpBq0gcO09hRly__s05DleIA2ZLtw-fPsMKT_g6SEIt47Ci9gUDGYF_ZsjER35QY__G8SJiAxndjp8E_X7Ha-wNstTQft9qbf4\" target=\"_blank\" rel=\"noreferrer noopener\" aria-label=\"AICI:  (se deschide \u00eentr-o fil\u0103 nou\u0103)\">AICI: <\/a><\/p>\n","protected":false},"excerpt":{"rendered":"<p>Despre Iasmina St\u00eerceanu am scris, nu de mult\u0103 vreme, cu apreciere \u015fi m\u00e2ndrie. Pute\u0163i reciti articolul AICI Ne bucur\u0103m c\u0103 avem ocazia s\u0103 scriem din nou despre ea, cu \u015fi mai mult\u0103 m\u00e2ndrie, dup\u0103 ce giurgiuveanca, \u00een v\u00e2rst\u0103 de doar 12 ani, a ob\u0163inut locul I la Cupa Rom\u00e2niei la Box, cade\u0163i-feminin, la categoria sa [&hellip;]<\/p>\n","protected":false},"author":1,"featured_media":65293,"comment_status":"open","ping_status":"open","sticky":false,"template":"","format":"standard","meta":{"slim_seo":{"title":"Bravo, Iasmina! Singura fat\u0103 pugilist din Giurgiu, locul I la Cupa Rom\u00e2niei! - GIURGIU NET","description":"Despre Iasmina St\u00eerceanu am scris, nu de mult\u0103 vreme, cu apreciere \u015fi m\u00e2ndrie. Pute\u0163i reciti articolul AICI Ne bucur\u0103m c\u0103 avem ocazia s\u0103 scriem din nou despre e"},"footnotes":""},"categories":[18,26,27,28],"tags":[],"class_list":{"0":"post-66116","1":"post","2":"type-post","3":"status-publish","4":"format-standard","5":"has-post-thumbnail","7":"category-actual","8":"category-soc","9":"category-spo","10":"category-uo"},"_links":{"self":[{"href":"https:\/\/giurgiu-net.ro\/index.php\/wp-json\/wp\/v2\/posts\/66116","targetHints":{"allow":["GET"]}}],"collection":[{"href":"https:\/\/giurgiu-net.ro\/index.php\/wp-json\/wp\/v2\/posts"}],"about":[{"href":"https:\/\/giurgiu-net.ro\/index.php\/wp-json\/wp\/v2\/types\/post"}],"author":[{"embeddable":true,"href":"https:\/\/giurgiu-net.ro\/index.php\/wp-json\/wp\/v2\/users\/1"}],"replies":[{"embeddable":true,"href":"https:\/\/giurgiu-net.ro\/index.php\/wp-json\/wp\/v2\/comments?post=66116"}],"version-history":[{"count":0,"href":"https:\/\/giurgiu-net.ro\/index.php\/wp-json\/wp\/v2\/posts\/66116\/revisions"}],"wp:featuredmedia":[{"embeddable":true,"href":"https:\/\/giurgiu-net.ro\/index.php\/wp-json\/"}],"wp:attachment":[{"href":"https:\/\/giurgiu-net.ro\/index.php\/wp-json\/wp\/v2\/media?parent=66116"}],"wp:term":[{"taxonomy":"category","embeddable":true,"href":"https:\/\/giurgiu-net.ro\/index.php\/wp-json\/wp\/v2\/categories?post=66116"},{"taxonomy":"post_tag","embeddable":true,"href":"https:\/\/giurgiu-net.ro\/index.php\/wp-json\/wp\/v2\/tags?post=66116"}],"curies":[{"name":"wp","href":"https:\/\/api.w.org\/{rel}","templated":true}]}}