{"id":65450,"date":"2019-01-23T16:25:54","date_gmt":"2019-01-23T14:25:54","guid":{"rendered":"http:\/\/giurgiu-net.ro\/?p=65450"},"modified":"2019-01-23T16:25:54","modified_gmt":"2019-01-23T14:25:54","slug":"competitivitate-si-industrie-temele-abordate-de-ministrul-economiei-astazi-la-bruxelles","status":"publish","type":"post","link":"https:\/\/giurgiu-net.ro\/index.php\/2019\/01\/23\/competitivitate-si-industrie-temele-abordate-de-ministrul-economiei-astazi-la-bruxelles\/","title":{"rendered":"Competitivitate \u015fi industrie- temele abordate de ministrul Economiei, ast\u0103zi, la Bruxelles"},"content":{"rendered":"\n<p>Ministrul Economiei, giurgiuveanul Niculae B\u0103d\u0103l\u0103u, a postat pe Facebook un mesaj referitor la discursul sus\u0163inut, azi, la Bruxelles, \u00een care a abordat teme precum competitivitate \u015fi industrie.<\/p>\n\n\n\n<p>&#8222;Am avut ast\u0103zi onoarea de a prezenta priorit\u0103\u021bile Pre\u0219edin\u021biei Rom\u00e2niei la Consiliul Uniunii Europene (UE) \u00een domeniul meu de competen\u021b\u0103, respectiv competitivitate \u0219i industrie, domeniu care este de interes pentru Comisia ITRE.<\/p>\n\n\n\n<p>\u00cen primul r\u00e2nd, am subliniat faptul c\u0103 Pre\u0219edin\u021bia Rom\u00e2niei la Consiliul UE este decisiv\u0103 din punct de vedere al mandatului Parlamentului European.<\/p>\n\n\n\n<p>Ne revine o mare responsabilitate \u00een gestionarea procesului legislativ.<\/p>\n\n\n\n<p>De aceea, eforturile noastre se concentreaz\u0103 pe avansarea dosarelor legislative, \u00een primele trei luni ale anului \u00een curs.<\/p>\n\n\n\n<p>Priorit\u0103\u021bile Pre\u0219edin\u021biei noastre \u00een domeniul competitivit\u0103\u021bii \u0219i industriei vizeaz\u0103 strategia industrial\u0103 a Uniunii Europene, digitalizarea \u0219i inteligen\u021ba artificial\u0103, subiecte de mare actualitate pe agenda european\u0103 \u0219i de o relevan\u021b\u0103 major\u0103 \u00een actualul context economic \u0219i social.<\/p>\n\n\n\n<p>Adaptarea eco-sistemelor industriale la digitalizare constituie o provocare, ce poate fi transformat\u0103 \u00een oportunitate pentru cre\u0219terea competitivit\u0103\u021bii industriale a Europei pentru urm\u0103toarea decad\u0103.<\/p>\n\n\n\n<p>Transformarea digital\u0103 \u0219i inteligen\u021ba artificial\u0103 sunt principalii factori care vor contribui la conturarea politicii industriale a anilor 2030, pentru care va fi necesar s\u0103 dezvolt\u0103m abilit\u0103\u021bi adecvate.<\/p>\n\n\n\n<p>Comunicarea Comisiei Europene din 7 decembrie 2018, cu titlul \u201cPlanul coordonat pentru Inteligen\u021ba Artificial\u0103\u201d \u0219i anexa la aceasta abordeaz\u0103 de o manier\u0103 holistic\u0103 promovarea dezvolt\u0103rii \u0219i a utiliz\u0103rii inteligen\u021bei artificiale Made in Europe.<\/p>\n\n\n\n<p>Apreciem faptul c\u0103 aceast\u0103 Comunicare a Comisiei este structurat\u0103 pe urm\u0103toarele idei:<\/p>\n\n\n\n<p>1. Obiective comune \u0219i eforturi complementare.<\/p>\n\n\n\n<p>2. Dezvoltarea parteneriatelor publice private \u0219i mai mult\u0103 finan\u021bare pentru companii star-up \u0219i IMM-uri inovative.<\/p>\n\n\n\n<p>3. \u00cent\u0103rirea excelen\u021bei \u00een tehnologii de inteligen\u021b\u0103 artificial\u0103 de \u00eencredere \u0219i difuzarea \u00een mas\u0103 a acestora.<\/p>\n\n\n\n<p>4. Adaptarea sistemelor de educa\u021bie \u0219i de instruire pentru a preg\u0103ti societatea noastr\u0103 mai bine pentru inteligen\u021ba artificial\u0103.<\/p>\n\n\n\n<p>5. Crearea spa\u021biului de date european este esen\u021bial\u0103 pentru inteligen\u021b\u0103 artificial\u0103, inclusiv pentru sectorul public.<\/p>\n\n\n\n<p>6. Dezvoltarea ghidurilor de etic\u0103 cu perspectiv\u0103 la nivel global \u0219i asigurarea unui cadru legislativ deschis inov\u0103rii.<\/p>\n\n\n\n<p>7. Aspecte legate de securitatea aplica\u021biilor de inteligen\u021b\u0103 artificial\u0103 \u0219i infrastructur\u0103 \u0219i agenda pentru securitate interna\u021bional\u0103.<\/p>\n\n\n\n<p>MAI MULT, AICI: <a href=\"https:\/\/www.facebook.com\/niculae.badalau\/posts\/837715119906385\" target=\"_blank\" rel=\"noreferrer noopener\" aria-label=\"https:\/\/www.facebook.com\/niculae.badalau\/posts\/837715119906385 (se deschide \u00eentr-o fil\u0103 nou\u0103)\">https:\/\/www.facebook.com\/niculae.badalau\/posts\/837715119906385<\/a><\/p>\n","protected":false},"excerpt":{"rendered":"<p>Ministrul Economiei, giurgiuveanul Niculae B\u0103d\u0103l\u0103u, a postat pe Facebook un mesaj referitor la discursul sus\u0163inut, azi, la Bruxelles, \u00een care a abordat teme precum competitivitate \u015fi industrie. &#8222;Am avut ast\u0103zi onoarea de a prezenta priorit\u0103\u021bile Pre\u0219edin\u021biei Rom\u00e2niei la Consiliul Uniunii Europene (UE) \u00een domeniul meu de competen\u021b\u0103, respectiv competitivitate \u0219i industrie, domeniu care este de [&hellip;]<\/p>\n","protected":false},"author":1,"featured_media":65451,"comment_status":"open","ping_status":"open","sticky":false,"template":"","format":"standard","meta":{"slim_seo":{"title":"Competitivitate \u015fi industrie- temele abordate de ministrul Economiei, ast\u0103zi, la Bruxelles - GIURGIU NET","description":"Ministrul Economiei, giurgiuveanul Niculae B\u0103d\u0103l\u0103u, a postat pe Facebook un mesaj referitor la discursul sus\u0163inut, azi, la Bruxelles, \u00een care a abordat teme pre"},"footnotes":""},"categories":[18,19,21,22,28],"tags":[],"class_list":{"0":"post-65450","1":"post","2":"type-post","3":"status-publish","4":"format-standard","5":"has-post-thumbnail","7":"category-actual","8":"category-adm","9":"category-ext","10":"category-nt","11":"category-uo"},"_links":{"self":[{"href":"https:\/\/giurgiu-net.ro\/index.php\/wp-json\/wp\/v2\/posts\/65450","targetHints":{"allow":["GET"]}}],"collection":[{"href":"https:\/\/giurgiu-net.ro\/index.php\/wp-json\/wp\/v2\/posts"}],"about":[{"href":"https:\/\/giurgiu-net.ro\/index.php\/wp-json\/wp\/v2\/types\/post"}],"author":[{"embeddable":true,"href":"https:\/\/giurgiu-net.ro\/index.php\/wp-json\/wp\/v2\/users\/1"}],"replies":[{"embeddable":true,"href":"https:\/\/giurgiu-net.ro\/index.php\/wp-json\/wp\/v2\/comments?post=65450"}],"version-history":[{"count":0,"href":"https:\/\/giurgiu-net.ro\/index.php\/wp-json\/wp\/v2\/posts\/65450\/revisions"}],"wp:featuredmedia":[{"embeddable":true,"href":"https:\/\/giurgiu-net.ro\/index.php\/wp-json\/"}],"wp:attachment":[{"href":"https:\/\/giurgiu-net.ro\/index.php\/wp-json\/wp\/v2\/media?parent=65450"}],"wp:term":[{"taxonomy":"category","embeddable":true,"href":"https:\/\/giurgiu-net.ro\/index.php\/wp-json\/wp\/v2\/categories?post=65450"},{"taxonomy":"post_tag","embeddable":true,"href":"https:\/\/giurgiu-net.ro\/index.php\/wp-json\/wp\/v2\/tags?post=65450"}],"curies":[{"name":"wp","href":"https:\/\/api.w.org\/{rel}","templated":true}]}}