{"id":65256,"date":"2019-01-15T07:10:45","date_gmt":"2019-01-15T05:10:45","guid":{"rendered":"http:\/\/giurgiu-net.ro\/?p=65256"},"modified":"2019-01-15T07:10:45","modified_gmt":"2019-01-15T05:10:45","slug":"volkswagen-caddy-furat-din-belgia-confiscat-in-vama-giurgiu","status":"publish","type":"post","link":"https:\/\/giurgiu-net.ro\/index.php\/2019\/01\/15\/volkswagen-caddy-furat-din-belgia-confiscat-in-vama-giurgiu\/","title":{"rendered":"Volkswagen Caddy, c\u0103utat pentru confiscare de autorit\u0103\u0163ile din Belgia, depistat la Vama Giurgiu"},"content":{"rendered":"\n<p><em>Poli\u0163i\u015ftii de frontier\u0103 <\/em><em>din cadrul I.T.P.F. Giurgiu \u2013 P.T.F. Giurgiu <\/em><em>au depistat un cet\u0103\u0163ean bulgar care\ntransporta pe o platform\u0103 un autoturism <\/em><em>marca <strong>Volkswagen Caddy, <\/strong><\/em><em>c\u0103utat pentru confiscare de\nautorit\u0103\u0163ile din Belgia.<\/em><\/p>\n\n\n\n<p>Potrivit unui comunicat de pres\u0103 al ITPF Giurgiu, \u00een data de 14.01.2019, \u00een jurul orei 09.40,<strong>&nbsp; <\/strong>la Punctul de Trecere a Frontierei Giurgiu s-a prezentat pentru a efectua formalit\u0103\u0163ile de frontier\u0103, cet\u0103\u0163eanul bulgar M.M.A., \u00een v\u00e2rst\u0103 de 48 ani, la volanul unui autovehicul tip platform\u0103, pe care transporta un autoturism marca <strong>Volkswagen Caddy, <\/strong>\u00eenmatriculat \u00een Belgia, an de fabrica\u0163ie 2015.<\/p>\n\n\n\n<p>&#8222;\u00cen urma verific\u0103rilor specifice, poli\u0163i\u015ftii de frontier\u0103 au constatat c\u0103 autoturismul transportat pe platform\u0103 figureaz\u0103 ca fiind <em>bun c\u0103utat pentru confiscare<\/em>, alert\u0103 introdus\u0103 de autorit\u0103\u0163ile belgiene la data de 01.06.2018.<\/p>\n\n\n\n<p>Fa\u0163\u0103 de cele\nconstatate, cet\u0103\u0163eanul bulgar a declarat c\u0103 transporta&nbsp; autoturismul pentru un prieten \u0219i nu avea\ncuno\u0219tin\u021b\u0103 despre faptul c\u0103 acesta se afl\u0103 \u00een aten\u021bia autorit\u0103\u021bilor.<\/p>\n\n\n\n<p>Poli\u0163i\u015ftii de frontier\u0103 au \u00eentocmit \u00een cauz\u0103 dosar penal pentru s\u0103v\u00e2r\u015firea infrac\u0163iunii de <em>\u201d t\u0103inuire\u201d<\/em>, fapt\u0103 prev\u0103zut\u0103 \u015fi pedepsit\u0103 de art. 270, alin.1, C.P., iar autovehiculul \u00een valoare de <strong>23.500 lei<\/strong> a fost indisponibilizat la sediul S.P.F. Giurgiu p\u00e2n\u0103 la finalizarea cercet\u0103rilor&#8221;, este precizat \u00een comunicat.<\/p>\n","protected":false},"excerpt":{"rendered":"<p>Poli\u0163i\u015ftii de frontier\u0103 din cadrul I.T.P.F. Giurgiu \u2013 P.T.F. Giurgiu au depistat un cet\u0103\u0163ean bulgar care transporta pe o platform\u0103 un autoturism marca Volkswagen Caddy, c\u0103utat pentru confiscare de autorit\u0103\u0163ile din Belgia. Potrivit unui comunicat de pres\u0103 al ITPF Giurgiu, \u00een data de 14.01.2019, \u00een jurul orei 09.40,&nbsp; la Punctul de Trecere a Frontierei Giurgiu [&hellip;]<\/p>\n","protected":false},"author":1,"featured_media":65258,"comment_status":"open","ping_status":"open","sticky":false,"template":"","format":"standard","meta":{"slim_seo":{"title":"Volkswagen Caddy, c\u0103utat pentru confiscare de autorit\u0103\u0163ile din Belgia, depistat la Vama Giurgiu - GIURGIU NET","description":"Poli\u0163i\u015ftii de frontier\u0103 din cadrul I.T.P.F. Giurgiu \u2013 P.T.F. Giurgiu au depistat un cet\u0103\u0163ean bulgar care transporta pe o platform\u0103 un autoturism marca Volkswage"},"footnotes":""},"categories":[18,26,28],"tags":[],"class_list":{"0":"post-65256","1":"post","2":"type-post","3":"status-publish","4":"format-standard","5":"has-post-thumbnail","7":"category-actual","8":"category-soc","9":"category-uo"},"_links":{"self":[{"href":"https:\/\/giurgiu-net.ro\/index.php\/wp-json\/wp\/v2\/posts\/65256","targetHints":{"allow":["GET"]}}],"collection":[{"href":"https:\/\/giurgiu-net.ro\/index.php\/wp-json\/wp\/v2\/posts"}],"about":[{"href":"https:\/\/giurgiu-net.ro\/index.php\/wp-json\/wp\/v2\/types\/post"}],"author":[{"embeddable":true,"href":"https:\/\/giurgiu-net.ro\/index.php\/wp-json\/wp\/v2\/users\/1"}],"replies":[{"embeddable":true,"href":"https:\/\/giurgiu-net.ro\/index.php\/wp-json\/wp\/v2\/comments?post=65256"}],"version-history":[{"count":0,"href":"https:\/\/giurgiu-net.ro\/index.php\/wp-json\/wp\/v2\/posts\/65256\/revisions"}],"wp:featuredmedia":[{"embeddable":true,"href":"https:\/\/giurgiu-net.ro\/index.php\/wp-json\/"}],"wp:attachment":[{"href":"https:\/\/giurgiu-net.ro\/index.php\/wp-json\/wp\/v2\/media?parent=65256"}],"wp:term":[{"taxonomy":"category","embeddable":true,"href":"https:\/\/giurgiu-net.ro\/index.php\/wp-json\/wp\/v2\/categories?post=65256"},{"taxonomy":"post_tag","embeddable":true,"href":"https:\/\/giurgiu-net.ro\/index.php\/wp-json\/wp\/v2\/tags?post=65256"}],"curies":[{"name":"wp","href":"https:\/\/api.w.org\/{rel}","templated":true}]}}