{"id":65252,"date":"2019-01-15T09:40:49","date_gmt":"2019-01-15T07:40:49","guid":{"rendered":"http:\/\/giurgiu-net.ro\/?p=65252"},"modified":"2019-01-15T09:40:49","modified_gmt":"2019-01-15T07:40:49","slug":"aproape-230-de-persoane-care-au-solicitat-azil-cazate-in-centrul-de-la-giurgiu-anul-trecut-din-ce-tari-provin-acestea-citeste-aici","status":"publish","type":"post","link":"https:\/\/giurgiu-net.ro\/index.php\/2019\/01\/15\/aproape-230-de-persoane-care-au-solicitat-azil-cazate-in-centrul-de-la-giurgiu-anul-trecut-din-ce-tari-provin-acestea-citeste-aici\/","title":{"rendered":"Aproape 230 de persoane care au solicitat azil, cazate \u00een Centrul de la Giurgiu, anul trecut. Din ce \u0163\u0103ri provin acestea? CITE\u015eTE AICI!"},"content":{"rendered":"\n<p>Poli\u0163i\u015ftii\ndin cadrul Centrului Regional de Proceduri \u0219i Cazare a Solicitan\u021bilor de Azil\nGiurgiu anun\u0163\u0103, printr-un comunicat de pres\u0103, c\u0103, \u00een 2018, au gestionat\nprocesarea a peste 323 de cereri de azil \u0219i au solu\u021bionat peste 254 de cereri\n\u00een etap\u0103 administrativ\u0103, iar \u00een 46 de cazuri a fost acordat\u0103 o form\u0103 de\nprotec\u021bie din partea statului rom\u00e2n.<\/p>\n\n\n\n<p>\u201ePoli\u021bi\u0219tii\ndin cadrul Inspectoratului General pentru Imigr\u0103ri &#8211; Centrul Regional de\nProceduri \u0219i Cazare a Solicitan\u021bilor de Azil Giurgiu, \u00een cursul anului 2018, au\ngestionat procesele de \u00eenregistrare \u0219i solutionare a cererilor depuse de\nstr\u0103ini pentru acordarea protec\u021biei din partea statului rom\u00e2n \u0219i au derulat\nprograme de integrare \u00een societatea rom\u00e2neasc\u0103 pentru beneficiarii unei forme\nde protec\u021bie.<\/p>\n\n\n\n<p>&nbsp;&nbsp;&nbsp;&nbsp;&nbsp;&nbsp;&nbsp;&nbsp;&nbsp; Competen\u021ba teritorial\u0103 a centrului se\n\u00eentinde pe raza a \u0219ase jude\u021be, respectiv Giurgiu, Teleorman, Olt, Dolj,\nC\u0103l\u0103ra\u015fi \u0219i Ialomi\u0163a.<\/p>\n\n\n\n<p>Astfel, \u00een perioada de referin\u021b\u0103 au fost depuse 323 de cereri de azil, ca urmare a trecerilor frauduloase a frontierelor, cu preponderen\u021b\u0103 \u00een zona de sud a \u021b\u0103rii. Peste 228 de persoane au fost transferate \u0219i cazate \u00een C.R.P.C.S.A. Giurgiu, ca urmare a celor 21 de transferuri de la C.R.P.C.S.A. Timi\u015foara \u015fi de la Sectoarele Poli\u0163iei de Frontier\u0103 de pe raza de competen\u0163\u0103\u201d, este precizat \u00een comunicat.<\/p>\n\n\n\n<p>Conform\nsursei citate, a fost asigurat accesul ne\u00eengr\u0103dit la procedura de azil \u0219i\nrespectat principiul nereturn\u0103rii, iar toate persoanele care au primit\nprotec\u021bie interna\u021bional\u0103, precum \u0219i solicitan\u021bii de azil au beneficiat de\ndocumente de identitate \u0219i, dup\u0103 caz, de documente de c\u0103l\u0103torie. <\/p>\n\n\n\n<p>\u201eReferitor\nla \u021bara de origine, str\u0103inii care au solicitat acordarea unei forme de\nprotec\u021bie din partea statului rom\u00e2n, provin din state precum Irak, Siria,\nPakistan \u0219i Afganistan.<\/p>\n\n\n\n<p>Totodat\u0103,\n\u00een ceea ce prive\u0219te accesul la o nou\u0103 procedur\u0103 de azil, au fost \u00eenregistrate\n20 de cereri,iar pe linia reunific\u0103rii familiei au fost solu\u0163ionate pozitiv 15\ncereri de reunificarea familiei \u015fi au fost respinse 4 astfel de cereri.<\/p>\n\n\n\n<p>Din\ntotalul persoanelor care au dob\u00e2ndit o form\u0103 de protec\u021bie, \u00een perioada de\nreferin\u021b\u0103, 44 au optat pentru&nbsp; programele\nde integrare derulate sub coordonarea Inspectoratului General pentru Imigr\u0103ri\u201d,\nse mai arat\u0103 \u00een comunicat. <\/p>\n","protected":false},"excerpt":{"rendered":"<p>Poli\u0163i\u015ftii din cadrul Centrului Regional de Proceduri \u0219i Cazare a Solicitan\u021bilor de Azil Giurgiu anun\u0163\u0103, printr-un comunicat de pres\u0103, c\u0103, \u00een 2018, au gestionat procesarea a peste 323 de cereri de azil \u0219i au solu\u021bionat peste 254 de cereri \u00een etap\u0103 administrativ\u0103, iar \u00een 46 de cazuri a fost acordat\u0103 o form\u0103 de protec\u021bie din [&hellip;]<\/p>\n","protected":false},"author":1,"featured_media":57736,"comment_status":"open","ping_status":"open","sticky":false,"template":"","format":"standard","meta":{"slim_seo":{"title":"Aproape 230 de persoane care au solicitat azil, cazate \u00een Centrul de la Giurgiu, anul trecut. Din ce \u0163\u0103ri provin acestea? CITE\u015eTE AICI! - GIURGIU NET","description":"Poli\u0163i\u015ftii din cadrul Centrului Regional de Proceduri \u0219i Cazare a Solicitan\u021bilor de Azil Giurgiu anun\u0163\u0103, printr-un comunicat de pres\u0103, c\u0103, \u00een 2018, au gestionat"},"footnotes":""},"categories":[18,26,28],"tags":[],"class_list":{"0":"post-65252","1":"post","2":"type-post","3":"status-publish","4":"format-standard","5":"has-post-thumbnail","7":"category-actual","8":"category-soc","9":"category-uo"},"_links":{"self":[{"href":"https:\/\/giurgiu-net.ro\/index.php\/wp-json\/wp\/v2\/posts\/65252","targetHints":{"allow":["GET"]}}],"collection":[{"href":"https:\/\/giurgiu-net.ro\/index.php\/wp-json\/wp\/v2\/posts"}],"about":[{"href":"https:\/\/giurgiu-net.ro\/index.php\/wp-json\/wp\/v2\/types\/post"}],"author":[{"embeddable":true,"href":"https:\/\/giurgiu-net.ro\/index.php\/wp-json\/wp\/v2\/users\/1"}],"replies":[{"embeddable":true,"href":"https:\/\/giurgiu-net.ro\/index.php\/wp-json\/wp\/v2\/comments?post=65252"}],"version-history":[{"count":0,"href":"https:\/\/giurgiu-net.ro\/index.php\/wp-json\/wp\/v2\/posts\/65252\/revisions"}],"wp:featuredmedia":[{"embeddable":true,"href":"https:\/\/giurgiu-net.ro\/index.php\/wp-json\/"}],"wp:attachment":[{"href":"https:\/\/giurgiu-net.ro\/index.php\/wp-json\/wp\/v2\/media?parent=65252"}],"wp:term":[{"taxonomy":"category","embeddable":true,"href":"https:\/\/giurgiu-net.ro\/index.php\/wp-json\/wp\/v2\/categories?post=65252"},{"taxonomy":"post_tag","embeddable":true,"href":"https:\/\/giurgiu-net.ro\/index.php\/wp-json\/wp\/v2\/tags?post=65252"}],"curies":[{"name":"wp","href":"https:\/\/api.w.org\/{rel}","templated":true}]}}