{"id":65250,"date":"2019-01-15T13:00:51","date_gmt":"2019-01-15T11:00:51","guid":{"rendered":"http:\/\/giurgiu-net.ro\/?p=65250"},"modified":"2019-01-15T13:00:51","modified_gmt":"2019-01-15T11:00:51","slug":"ministrul-economiei-daca-vrem-sa-actionam-in-beneficiul-romanilor-trebuie-sa-ramanem-uniti","status":"publish","type":"post","link":"https:\/\/giurgiu-net.ro\/index.php\/2019\/01\/15\/ministrul-economiei-daca-vrem-sa-actionam-in-beneficiul-romanilor-trebuie-sa-ramanem-uniti\/","title":{"rendered":"Ministrul Economiei: Dac\u0103 vrem s\u0103 ac\u0163ion\u0103m \u00een beneficiul rom\u00e2nilor, trebuie s\u0103 r\u0103m\u00e2nem uni\u0163i!"},"content":{"rendered":"\n<p>Ministrul Economiei, giurgiuveanul Niculae B\u0103d\u0103l\u0103u, a postat, recent, pe pagina sa de Facebook, un mesaj prin intermediul c\u0103ruia \u00eendeamn\u0103 clasa politic\u0103 la unitate.<\/p>\n\n\n\n<p>&#8222;Pe data de 1 ianuarie 2019, Rom\u00e2nia a preluat Pre\u0219edin\u021bia Consiliului Uniunii Europene pentru prima dat\u0103 de la aderarea la UE, \u00een 2007. Acum avem oportunitatea f\u0103r\u0103 precedent ca, \u00een urm\u0103toarele \u0219ase luni s\u0103 exercit\u0103m o influen\u021b\u0103 semnificativ\u0103 asupra agendei legislative \u0219i politice a UE. Dar poate mai important dec\u00e2t ceea ce putem s\u0103 facem \u00een plan extern este ceea ce putem s\u0103 realiz\u0103m \u00een plan intern. Avem o \u0219ans\u0103 rar\u0103 de a ne uni, at\u00e2t noi, politicienii, c\u00e2t \u0219i to\u021bi rom\u00e2nii,&nbsp;\u00een spatele unor op\u021biuni ce \u021bin de alegerea DIREC\u021aIEI ROM\u00c2NIEI \u0218I A ROLULUI S\u0102U \u00een urm\u0103toarele \u0219ase luni, c\u00e2t de\u021binem Pre\u0219edin\u021bia.<\/p>\n\n\n\n<p>\u00cenc\u0103 de la intrarea \u00een UE, Rom\u00e2nia, asemenea tuturor statelor membre a beneficiat de pe urma pie\u021bei unice, a uniunii monetare \u0219i a liberei circula\u021bii a persoanelor. Simplul fapt c\u0103 lucr\u0103m \u00eempreun\u0103, c\u0103 suntem \u00eencorpora\u021bi \u00een aceast\u0103 Uniune, ne face mai puternici, mai siguri \u0219i mai eficien\u021bi. Aceast\u0103 dimensiune global\u0103 a \u021b\u0103rii noastre este cea care ne ofer\u0103 \u0219i aceast\u0103 posibilitate a unit\u0103\u021bii pe care vreau s-o subliniez. Pentru c\u0103, dac\u0103 vrem s\u0103 fim capabili s\u0103 ac\u021bion\u0103m \u00een beneficiul rom\u00e2nilor, dac\u0103 vrem s\u0103 ne determin\u0103m viitorul, politicienii rom\u00e2ni, fie c\u0103 sunt la putere sau \u00een opozi\u021bie, trebuie s\u0103 r\u0103m\u00e2n\u0103 UNI\u021aI. Acum mai mult ca niciodat\u0103.<\/p>\n\n\n\n<p>\u00cempreun\u0103 trebuie s\u0103 fim con\u0219tien\u021bi de valoarea care st\u0103 \u00een admiterea existen\u021bei unor interese comune, indiferent de culoarea politic\u0103. \u00cempreun\u0103 trebuie s\u0103 facem compromisuri, astfel \u00eenc\u00e2t, exercitarea Pre\u0219edin\u021biei Rom\u00e2niei la Consiliul Uniunii Europene s\u0103 fie nu doar un exemplu de succes, dar \u0219i un exemplu c\u0103 unitatea politic\u0103 poate aduce siguran\u021b\u0103, stabilitate \u0219i prosperitate.<\/p>\n\n\n\n<p>Unitatea politic\u0103 este fundamentul puterii noastre. Unitatea define\u0219te abilitatea noastr\u0103 de a ac\u021biona \u00eempreun\u0103, nu diviza\u021bi.<\/p>\n\n\n\n<p>Dragi colegi s\u0103 recunoa\u0219tem \u00eempreun\u0103 c\u0103 valoarea unit\u0103\u021bii \u00eentr-o lume aflat\u0103 \u00een schimbare rapid\u0103, reprezint\u0103 nu doar o oportunitate, c\u00e2t o obliga\u021bie. Aceast\u0103 unitate este viitorul Rom\u00e2niei.<\/p>\n\n\n\n<p>Viitorul nostru&#8221;, a scris Niculae B\u0103d\u0103l\u0103u pe Facebook.<\/p>\n","protected":false},"excerpt":{"rendered":"<p>Ministrul Economiei, giurgiuveanul Niculae B\u0103d\u0103l\u0103u, a postat, recent, pe pagina sa de Facebook, un mesaj prin intermediul c\u0103ruia \u00eendeamn\u0103 clasa politic\u0103 la unitate. &#8222;Pe data de 1 ianuarie 2019, Rom\u00e2nia a preluat Pre\u0219edin\u021bia Consiliului Uniunii Europene pentru prima dat\u0103 de la aderarea la UE, \u00een 2007. Acum avem oportunitatea f\u0103r\u0103 precedent ca, \u00een urm\u0103toarele \u0219ase [&hellip;]<\/p>\n","protected":false},"author":1,"featured_media":65085,"comment_status":"open","ping_status":"open","sticky":false,"template":"","format":"standard","meta":{"slim_seo":{"title":"Ministrul Economiei: Dac\u0103 vrem s\u0103 ac\u0163ion\u0103m \u00een beneficiul rom\u00e2nilor, trebuie s\u0103 r\u0103m\u00e2nem uni\u0163i! - GIURGIU NET","description":"Ministrul Economiei, giurgiuveanul Niculae B\u0103d\u0103l\u0103u, a postat, recent, pe pagina sa de Facebook, un mesaj prin intermediul c\u0103ruia \u00eendeamn\u0103 clasa politic\u0103 la unit"},"footnotes":""},"categories":[18,22,25,28],"tags":[1839],"class_list":{"0":"post-65250","1":"post","2":"type-post","3":"status-publish","4":"format-standard","5":"has-post-thumbnail","7":"category-actual","8":"category-nt","9":"category-pol","10":"category-uo","11":"tag-niculae-badalau"},"_links":{"self":[{"href":"https:\/\/giurgiu-net.ro\/index.php\/wp-json\/wp\/v2\/posts\/65250","targetHints":{"allow":["GET"]}}],"collection":[{"href":"https:\/\/giurgiu-net.ro\/index.php\/wp-json\/wp\/v2\/posts"}],"about":[{"href":"https:\/\/giurgiu-net.ro\/index.php\/wp-json\/wp\/v2\/types\/post"}],"author":[{"embeddable":true,"href":"https:\/\/giurgiu-net.ro\/index.php\/wp-json\/wp\/v2\/users\/1"}],"replies":[{"embeddable":true,"href":"https:\/\/giurgiu-net.ro\/index.php\/wp-json\/wp\/v2\/comments?post=65250"}],"version-history":[{"count":0,"href":"https:\/\/giurgiu-net.ro\/index.php\/wp-json\/wp\/v2\/posts\/65250\/revisions"}],"wp:featuredmedia":[{"embeddable":true,"href":"https:\/\/giurgiu-net.ro\/index.php\/wp-json\/"}],"wp:attachment":[{"href":"https:\/\/giurgiu-net.ro\/index.php\/wp-json\/wp\/v2\/media?parent=65250"}],"wp:term":[{"taxonomy":"category","embeddable":true,"href":"https:\/\/giurgiu-net.ro\/index.php\/wp-json\/wp\/v2\/categories?post=65250"},{"taxonomy":"post_tag","embeddable":true,"href":"https:\/\/giurgiu-net.ro\/index.php\/wp-json\/wp\/v2\/tags?post=65250"}],"curies":[{"name":"wp","href":"https:\/\/api.w.org\/{rel}","templated":true}]}}