{"id":64665,"date":"2018-12-07T15:19:46","date_gmt":"2018-12-07T13:19:46","guid":{"rendered":"http:\/\/giurgiu-net.ro\/?p=64665"},"modified":"2018-12-07T15:19:46","modified_gmt":"2018-12-07T13:19:46","slug":"ultima-ora-rectificare-pozitiva-la-guvern-luni-toate-salariile-dgaspc-giurgiu-vor-fi-platite","status":"publish","type":"post","link":"https:\/\/giurgiu-net.ro\/index.php\/2018\/12\/07\/ultima-ora-rectificare-pozitiva-la-guvern-luni-toate-salariile-dgaspc-giurgiu-vor-fi-platite\/","title":{"rendered":"ULTIMA OR\u0102: Rectificare pozitiv\u0103, la Guvern. Luni, toate salariile DGASPC Giurgiu vor fi pl\u0103tite"},"content":{"rendered":"<p>Potrivit reprezentan\u0163ilor Consiliului Jude\u0163ean Giurgiu, \u00een \u015fedin\u0163a de Guvern de ast\u0103zi a fost aprobat\u0103 o sum\u0103 cu care CJ\u00a0 va putea pl\u0103ti toate restan\u0163ele c\u0103tre angaja\u0163ii Direc\u0163iei Generale de Asisten\u0163\u0103 Social\u0103 \u015fi Protec\u0163ia Copilului Giurgiu.<\/p>\n<p>&nbsp;<\/p>\n<p>Vom reveni cu am\u0103nunte!<\/p>\n","protected":false},"excerpt":{"rendered":"<p>Potrivit reprezentan\u0163ilor Consiliului Jude\u0163ean Giurgiu, \u00een \u015fedin\u0163a de Guvern de ast\u0103zi a fost aprobat\u0103 o sum\u0103 cu care CJ\u00a0 va putea pl\u0103ti toate restan\u0163ele c\u0103tre angaja\u0163ii Direc\u0163iei Generale de Asisten\u0163\u0103 Social\u0103 \u015fi Protec\u0163ia Copilului Giurgiu. &nbsp; Vom reveni cu am\u0103nunte!<\/p>\n","protected":false},"author":1,"featured_media":36061,"comment_status":"open","ping_status":"open","sticky":false,"template":"","format":"standard","meta":{"slim_seo":{"title":"ULTIMA OR\u0102: Rectificare pozitiv\u0103, la Guvern. Luni, toate salariile DGASPC Giurgiu vor fi pl\u0103tite - GIURGIU NET","description":"Potrivit reprezentan\u0163ilor Consiliului Jude\u0163ean Giurgiu, \u00een \u015fedin\u0163a de Guvern de ast\u0103zi a fost aprobat\u0103 o sum\u0103 cu care CJ\u00a0 va putea pl\u0103ti toate restan\u0163ele c\u0103tre"},"footnotes":""},"categories":[18,19,26,28],"tags":[606],"class_list":{"0":"post-64665","1":"post","2":"type-post","3":"status-publish","4":"format-standard","5":"has-post-thumbnail","7":"category-actual","8":"category-adm","9":"category-soc","10":"category-uo","11":"tag-cj-giurgiu"},"_links":{"self":[{"href":"https:\/\/giurgiu-net.ro\/index.php\/wp-json\/wp\/v2\/posts\/64665","targetHints":{"allow":["GET"]}}],"collection":[{"href":"https:\/\/giurgiu-net.ro\/index.php\/wp-json\/wp\/v2\/posts"}],"about":[{"href":"https:\/\/giurgiu-net.ro\/index.php\/wp-json\/wp\/v2\/types\/post"}],"author":[{"embeddable":true,"href":"https:\/\/giurgiu-net.ro\/index.php\/wp-json\/wp\/v2\/users\/1"}],"replies":[{"embeddable":true,"href":"https:\/\/giurgiu-net.ro\/index.php\/wp-json\/wp\/v2\/comments?post=64665"}],"version-history":[{"count":0,"href":"https:\/\/giurgiu-net.ro\/index.php\/wp-json\/wp\/v2\/posts\/64665\/revisions"}],"wp:featuredmedia":[{"embeddable":true,"href":"https:\/\/giurgiu-net.ro\/index.php\/wp-json\/wp\/v2\/media\/36061"}],"wp:attachment":[{"href":"https:\/\/giurgiu-net.ro\/index.php\/wp-json\/wp\/v2\/media?parent=64665"}],"wp:term":[{"taxonomy":"category","embeddable":true,"href":"https:\/\/giurgiu-net.ro\/index.php\/wp-json\/wp\/v2\/categories?post=64665"},{"taxonomy":"post_tag","embeddable":true,"href":"https:\/\/giurgiu-net.ro\/index.php\/wp-json\/wp\/v2\/tags?post=64665"}],"curies":[{"name":"wp","href":"https:\/\/api.w.org\/{rel}","templated":true}]}}