{"id":64650,"date":"2018-12-07T11:51:08","date_gmt":"2018-12-07T09:51:08","guid":{"rendered":"http:\/\/giurgiu-net.ro\/?p=64650"},"modified":"2018-12-07T11:51:08","modified_gmt":"2018-12-07T09:51:08","slug":"nicusor-iacob-paine-si-circ-in-consiliul-judetean-a-dat-si-un-vot-negativ-proiectului-pentru-plata-unei-parti-a-salariilor-din-dgaspc-giurgiu","status":"publish","type":"post","link":"https:\/\/giurgiu-net.ro\/index.php\/2018\/12\/07\/nicusor-iacob-paine-si-circ-in-consiliul-judetean-a-dat-si-un-vot-negativ-proiectului-pentru-plata-unei-parti-a-salariilor-din-dgaspc-giurgiu\/","title":{"rendered":"Nicu\u015for Iacob, \u201ep\u00e2ine \u015fi circ\u201d, \u00een Consiliul Jude\u0163ean. A dat \u015fi un vot negativ proiectului pentru plata unei p\u0103r\u0163i a salariilor din DGASPC Giurgiu"},"content":{"rendered":"<p>Chiar nu vrem s\u0103 le facem r\u0103u, vorba lui Marin Anton, politic vorbind, dar nu putem s\u0103 nu remarc\u0103m atitudinea constructiv\u0103 a unora dintre consilierii jude\u0163eni ai PNL \u00een ceea ce prive\u015fte situa\u0163ia pl\u0103\u0163ii salariilor \u015fi a contribu\u0163iilor c\u0103tre salaria\u0163ii Direc\u0163iei Generale de Asisten\u0163\u0103 Social\u0103 \u015fi Protec\u0163ia Copilului Giurgiu. Ei au oferit, azi, o lec\u0163ie despre cum po\u0163i face opozi\u0163ie, cer\u00e2nd explica\u0163ii pertinente \u015fi chiar venind cu idei pentru solu\u0163ionarea problemelor.<\/p>\n<p><!--more--><\/p>\n<p><strong>Cu excep\u0163ia lui Nicu\u015for Iacob<\/strong> care, din prea mult zel, consider\u0103m c\u0103 s-a f\u0103cut de r\u00e2s. Ca niciodat\u0103. \u015ei \u00een fa\u0163a colegilor \u015fi \u00een fa\u0163a giurgiuvenilor care vor urm\u0103ri \u015fedin\u0163a la televiziunile locale, pariu!<\/p>\n<p><img loading=\"lazy\" decoding=\"async\" class=\"alignnone size-full wp-image-64651\" src=\"https:\/\/giurgiu-net.ro\/wp-content\/uploads\/2018\/12\/DSC_0018.jpg\" alt=\"\" width=\"800\" height=\"646\" \/><\/p>\n<p>Cel mai probabil, cu tema \u00eenv\u0103\u0163at\u0103 \u00een biroul \u015fefului PNL Giurgiu, Nicu\u015for Iacob n-a avut pe ordinea de zi dec\u00e2t \u201edemisia!\u201d, \u201eprost management\u201d, strig\u0103turi \u015fi tot felul de \u00eentreb\u0103ri puse \u00een mod repetat, de\u015fi r\u0103spunsurile le primise deja.<\/p>\n<p>Problema cu plata salariilor din DGASPC Giurgiu a fost explicat\u0103 pe \u00eendelete at\u00e2t de c\u0103tre directorul economic al CJ Giurgiu, Florentina St\u0103nculescu, de pre\u015fedintele Marian Mina, dar \u015fi de directorul Direc\u0163iei men\u0163ionate, Dan Sima.<\/p>\n<p><img loading=\"lazy\" decoding=\"async\" class=\"alignnone size-full wp-image-64653\" src=\"https:\/\/giurgiu-net.ro\/wp-content\/uploads\/2018\/12\/DSC_0023.jpg\" alt=\"\" width=\"800\" height=\"451\" \/> <img loading=\"lazy\" decoding=\"async\" class=\"alignnone size-full wp-image-64654\" src=\"https:\/\/giurgiu-net.ro\/wp-content\/uploads\/2018\/12\/DSC_0028.jpg\" alt=\"\" width=\"800\" height=\"706\" \/><\/p>\n<p><img loading=\"lazy\" decoding=\"async\" class=\"alignnone size-full wp-image-64663\" src=\"https:\/\/giurgiu-net.ro\/wp-content\/uploads\/2018\/12\/4f8df2f0-4074-4976-88d3-7876e77330e6.jpg\" alt=\"\" width=\"940\" height=\"596\" \/><\/p>\n<p>Doar s\u0103 fii r\u0103u-inten\u0163ionat sau prost ca s\u0103 nu \u00een\u0163elegi c\u00e2t de delicat\u0103 este situa\u0163ia \u015fi c\u0103 autorit\u0103\u0163ile jude\u0163ene au asigurat, conform legii, sumele pe care trebuia s\u0103 le asigure.<\/p>\n<p>Iat\u0103 ce a declarat, la finalul \u015fedin\u0163ei, pe pagina sa de Facebook, pre\u015fedintele Marian Mina:<\/p>\n<p><em>\u201eAm convocat, ast\u0103zi, o \u015fedin\u0163\u0103 de \u00eendat\u0103 a Consiliului Jude\u0163ean Giurgiu. Singurul proiect de hot\u0103r\u00e2re aflat pe ordinea de zi, \u00een afar\u0103 de adoptarea procesului verbal al \u015fedin\u0163ei anterioare, s-a referit la rectificarea bugetului propriu de venituri \u015fi cheltuieli al jude\u0163ului Giurgiu pe anul 2018.<\/em><\/p>\n<p><em>Mai exact, este vorba despre redistribuirea unor sume pentru asigurarea pl\u0103\u0163ii unei p\u0103r\u0163i a salariilor angaja\u0163ilor din Direc\u0163ia General\u0103 de Asisten\u0163\u0103 Social\u0103 \u015fi Protec\u0163ia Copilului Giurgiu. A\u015fa cum am ar\u0103tat \u015fi eu \u015fi colegii mei din CJ Giurgiu, dar \u015fi directorul DGASPC, Dan Sima, am f\u0103cut, \u00eentotdeauna, tot ce \u0163ine de noi pentru a asigura cheltuielile \u00een sistemul de asisten\u0163\u0103 social\u0103 din jude\u0163ul nostru!<\/em><\/p>\n<p><em>Problemele care sunt, din p\u0103cate de ani de zile, dar care s-au acutizat \u00een 2018, vin, pe de-o parte, din faptul c\u0103, de la nivel central, nu au fost reactualizate standardele de cost, iar pe de alt\u0103 parte, salariile au fost majorate, \u00eens\u0103 bugetul alocat a r\u0103mas acela\u015fi.<\/em><\/p>\n<p><em>A\u015fa cum am precizat \u00een \u015fedin\u0163a de ast\u0103zi, s-a ajuns aici inclusiv din cauza unei gre\u015feli de calcul la Ministerul Muncii \u00een ceea ce prive\u015fte suma alocat\u0103 DGASPC Giurgiu.<\/em><\/p>\n<p><em>A\u015ftept\u0103m, ast\u0103zi, ca, \u00een \u015fedin\u0163a de Guvern, s\u0103 fie adoptate proiectele privind reactualizarea standardelor de cost, respectiv o rectificare pozitiv\u0103. F\u0103r\u0103 sprijinul autorit\u0103\u0163ilor centrale, conform legii de altfel, ne este imposibil s\u0103 rezolv\u0103m aceast\u0103 situa\u0163ie pe care nimeni nu \u015fi-o dore\u015fte.<\/em><\/p>\n<p><em>Vreau s\u0103 le transmit tuturor angaja\u0163ilor DGASPC Giurgiu faptul c\u0103 \u00eei \u00een\u0163eleg, c\u0103 nu este vorba despre rea-voin\u0163\u0103 din partea autorit\u0103\u0163ilor jude\u0163ene \u015fi c\u0103 facem, \u00een continuare, tot posibilul pentru a ajunge, cel t\u00e2rziu \u00een luna ianuarie, la zero cu toate restan\u0163ele!\u201d.<\/em><\/p>\n<p><strong><em>\u00cen esen\u0163\u0103, acela\u015fi lucru a fost explicat, pe larg, \u015fi \u00een \u015fedin\u0163a de ast\u0103zi. Doar Nicu\u015for nu pricepea \u015fi repeta ca \u201epapagalul\u201d lui Anton, care-o fi \u0103la(?!), ce-a \u00eenv\u0103\u0163at pe de rost ca s\u0103-i fie, probabil, lui bine, indiferent cui altcuiva \u00eei este r\u0103u.<\/em><\/strong><\/p>\n<p>Remarc\u0103m, totodat\u0103, \u015fi atitudinea unora dintre consilierii jude\u0163eni ai PSD Giurgiu, care l-au redus la t\u0103cere, de c\u00e2teva ori, pe Nicu\u015for Iacob.<\/p>\n<p>Dan Cristescu: <em>\u201eDac\u0103 sus\u0163ine\u0163i c\u0103 v\u0103 pricepe\u0163i, ne explica\u0163i \u015fi nou\u0103 cum se face un capitol bugetar? P\u0103i, dac\u0103 nu sunte\u0163i specialist, cum v\u0103 pute\u0163i exprima pe acest subiect? Eu cred c\u0103 sunte\u0163i aici pe post de amendament \u015fi mai cred c\u0103 sunte\u0163i singurul consilier jude\u0163ean din \u0163ar\u0103 care crede c\u0103 dou\u0103 paralele se intersecteaz\u0103 la Ogrezeni\u201d<\/em>.<\/p>\n<p><img loading=\"lazy\" decoding=\"async\" class=\"alignnone size-full wp-image-64655\" src=\"https:\/\/giurgiu-net.ro\/wp-content\/uploads\/2018\/12\/DSC_0019.jpg\" alt=\"\" width=\"800\" height=\"706\" \/><\/p>\n<p>&nbsp;<\/p>\n<p>Mirela Delea: <em>\u201eDomnule Iacob, de ce cobor\u00e2\u0163i nivelul(discu\u0163iilor, n.r.)? Ce \u00eenseamn\u0103 pentru dumneavoastr\u0103 prost management \u015fi care este solu\u0163ia dumneavoastr\u0103 \u00een acest caz? \u015eti\u0163i cum ziceau romanii, da? Circ \u015fi p\u00e2ine. Circ \u015fi p\u00e2ine, domnule Iacob\u201d<\/em>.<\/p>\n<p><img loading=\"lazy\" decoding=\"async\" class=\"alignnone size-full wp-image-64656\" src=\"https:\/\/giurgiu-net.ro\/wp-content\/uploads\/2018\/12\/DSC_0016.jpg\" alt=\"\" width=\"800\" height=\"655\" \/><\/p>\n<p>Aurelia Dobre: <em>\u201eSunt printre consilierii jude\u0163eni cu mai multe mandate \u015fi v\u0103 spun c\u0103 asemenea probleme, la DGASPC, au fost \u00een fiecare an. Vorbim despre o uzin\u0103 vie, cu peste 1.000 de salaria\u0163i, cu asigurarea banilor nu doar de salarii, ci \u015fi pentru hran\u0103, medicamente, utilit\u0103\u0163i. De ce at\u00e2tea discu\u0163ii, c\u00e2nd noi, aici, ne-am reunit pentru a solu\u0163iona o parte dintre probleme?\u201d<\/em><\/p>\n<p><img loading=\"lazy\" decoding=\"async\" class=\"alignnone size-full wp-image-64657\" src=\"https:\/\/giurgiu-net.ro\/wp-content\/uploads\/2018\/12\/DSC_0025.jpg\" alt=\"\" width=\"800\" height=\"788\" \/><\/p>\n<p>La r\u00e2ndul lor, consilierii PNL Georgeta Mihu\u0163, Florian Velicu \u015fi Dumitru Gavril\u0103, tot cu mai multe mandate \u00een CJ Giurgiu, au venit cu propuneri, au cerut explica\u0163ii logice \u015fi au votat pentru rectificarea bugetar\u0103.<\/p>\n<p><img loading=\"lazy\" decoding=\"async\" class=\"alignnone size-full wp-image-64658\" src=\"https:\/\/giurgiu-net.ro\/wp-content\/uploads\/2018\/12\/DSC_0030.jpg\" alt=\"\" width=\"800\" height=\"546\" \/> <img loading=\"lazy\" decoding=\"async\" class=\"alignnone size-full wp-image-64659\" src=\"https:\/\/giurgiu-net.ro\/wp-content\/uploads\/2018\/12\/DSC_0031.jpg\" alt=\"\" width=\"800\" height=\"589\" \/><\/p>\n<p><em><strong>Nicu\u015for Iacob s-a ab\u0163inut. Adic\u0103, a dat un vot negativ asigur\u0103rii pl\u0103\u0163ii unei p\u0103r\u0163i a salariilor celor din DGASPC Giurgiu. \u00cen\u0163elege\u0163i despre ce vorbim?<\/strong><\/em><\/p>\n<p>Atunci, de ce-a\u0163i f\u0103cut circul de azi, domnule Nicu\u015for, dac\u0103 v\u0103 ab\u0163ine\u0163i? \u00cen ce parte a dumneavoastr\u0103 muri\u0163i de grija lor?<\/p>\n<p>F\u0103r\u0103 alte comentarii&#8230;<\/p>\n","protected":false},"excerpt":{"rendered":"<p>Chiar nu vrem s\u0103 le facem r\u0103u, vorba lui Marin Anton, politic vorbind, dar nu putem s\u0103 nu remarc\u0103m atitudinea constructiv\u0103 a unora dintre consilierii jude\u0163eni ai PNL \u00een ceea ce prive\u015fte situa\u0163ia pl\u0103\u0163ii salariilor \u015fi a contribu\u0163iilor c\u0103tre salaria\u0163ii Direc\u0163iei Generale de Asisten\u0163\u0103 Social\u0103 \u015fi Protec\u0163ia Copilului Giurgiu. Ei au oferit, azi, o lec\u0163ie [&hellip;]<\/p>\n","protected":false},"author":1,"featured_media":64660,"comment_status":"open","ping_status":"open","sticky":false,"template":"","format":"standard","meta":{"slim_seo":{"title":"Nicu\u015for Iacob, \u201ep\u00e2ine \u015fi circ\u201d, \u00een Consiliul Jude\u0163ean. A dat \u015fi un vot negativ proiectului pentru plata unei p\u0103r\u0163i a salariilor din DGASPC Giurgiu - GIURGIU NET","description":"Chiar nu vrem s\u0103 le facem r\u0103u, vorba lui Marin Anton, politic vorbind, dar nu putem s\u0103 nu remarc\u0103m atitudinea constructiv\u0103 a unora dintre consilierii jude\u0163eni a"},"footnotes":""},"categories":[18,19,25,26,28],"tags":[606,2372],"class_list":{"0":"post-64650","1":"post","2":"type-post","3":"status-publish","4":"format-standard","5":"has-post-thumbnail","7":"category-actual","8":"category-adm","9":"category-pol","10":"category-soc","11":"category-uo","12":"tag-cj-giurgiu","13":"tag-salarii-dgaspc-giurgiu"},"_links":{"self":[{"href":"https:\/\/giurgiu-net.ro\/index.php\/wp-json\/wp\/v2\/posts\/64650","targetHints":{"allow":["GET"]}}],"collection":[{"href":"https:\/\/giurgiu-net.ro\/index.php\/wp-json\/wp\/v2\/posts"}],"about":[{"href":"https:\/\/giurgiu-net.ro\/index.php\/wp-json\/wp\/v2\/types\/post"}],"author":[{"embeddable":true,"href":"https:\/\/giurgiu-net.ro\/index.php\/wp-json\/wp\/v2\/users\/1"}],"replies":[{"embeddable":true,"href":"https:\/\/giurgiu-net.ro\/index.php\/wp-json\/wp\/v2\/comments?post=64650"}],"version-history":[{"count":0,"href":"https:\/\/giurgiu-net.ro\/index.php\/wp-json\/wp\/v2\/posts\/64650\/revisions"}],"wp:featuredmedia":[{"embeddable":true,"href":"https:\/\/giurgiu-net.ro\/index.php\/wp-json\/"}],"wp:attachment":[{"href":"https:\/\/giurgiu-net.ro\/index.php\/wp-json\/wp\/v2\/media?parent=64650"}],"wp:term":[{"taxonomy":"category","embeddable":true,"href":"https:\/\/giurgiu-net.ro\/index.php\/wp-json\/wp\/v2\/categories?post=64650"},{"taxonomy":"post_tag","embeddable":true,"href":"https:\/\/giurgiu-net.ro\/index.php\/wp-json\/wp\/v2\/tags?post=64650"}],"curies":[{"name":"wp","href":"https:\/\/api.w.org\/{rel}","templated":true}]}}