{"id":64602,"date":"2018-12-03T08:02:43","date_gmt":"2018-12-03T06:02:43","guid":{"rendered":"http:\/\/giurgiu-net.ro\/?p=64602"},"modified":"2018-12-03T08:02:43","modified_gmt":"2018-12-03T06:02:43","slug":"giurgiu-minivacanta-de-1-decembrie-una-destul-de-linistita","status":"publish","type":"post","link":"https:\/\/giurgiu-net.ro\/index.php\/2018\/12\/03\/giurgiu-minivacanta-de-1-decembrie-una-destul-de-linistita\/","title":{"rendered":"GIURGIU: Minivacan\u0163a de 1 Decembrie, una destul de lini\u015ftit\u0103"},"content":{"rendered":"<p><strong><em>\u00cen perioada 30 noiembrie &#8211; 2 decembrie a.c., poli\u021bi\u0219tii au ac\u021bionat pentru lini\u0219tea \u0219i siguran\u021ba cet\u0103\u021benilor, principalele activit\u0103\u021bi desf\u0103\u0219urate viz\u00e2nd prevenirea \u0219i combaterea faptelor antisociale, asigurarea unui climat de ordine \u0219i lini\u0219te public\u0103, precum \u0219i asigurarea unui trafic rutier \u00een condi\u021bii de siguran\u021b\u0103, se arat\u0103 \u00eentr-un comunicat de pres\u0103 al Poli\u0163iei Giurgiu.<\/em><\/strong><!--more--><\/p>\n<p><em>\u00a0Potrivit sursei citate, p<\/em>e timpul minivacan\u021bei, poli\u021bi\u0219tii au aplicat 284 sanc\u021biuni contraven\u021bionale \u00een valoare total\u0103 de 113.320 lei, fiind \u00eenregistrate un num\u0103r de 29 de evenimente, \u00een urma c\u0103rora poli\u021bi\u0219tii au \u00eentocmit dosare penale.<\/p>\n<p>&#8222;Poli\u021bi\u0219tii rutieri au constatat 6 infrac\u021biuni rutiere (4 pentru consumul de b\u0103uturi alcoolice \u0219i 2 accidente rutiere), au aplicat 252 sanc\u021biuni contraven\u021bionale, au re\u021binut \u00een vederea suspend\u0103rii 12 permise de conducere \u0219i au retras 2 certificate de \u00eenmatriculare.<\/p>\n<p>De men\u021bionat este faptul c\u0103, \u00een zona unde s-au desf\u0103\u0219urat manifest\u0103ri publice \u0219i a localurilor publice nu au fost \u00eenregistrate evenimente grave, iar pe drumurile publice s-au produs doar tampon\u0103ri \u0219i accidente rutiere u\u0219oare.<\/p>\n<p>Poli\u021bi\u0219tii din dispozitivele de ordine \u0219i siguran\u021b\u0103 public\u0103 din mediul rural \u0219i urban au ac\u021bionat \u00een sistem integrat cu jandarmi din cadrul I.J.J. Giurgiu \u00een zona t\u00e2rgurilor \u0219i oboarelor pe linia prevenirii comercializ\u0103rii de animale \u0219i produse din carne de porc \u00een contextul pestei porcine.<\/p>\n<p>\u00cen urma m\u0103surilor adoptate, \u00een aceast\u0103 perioad\u0103, de c\u0103tre poli\u021bi\u0219tii giurgiuveni, nu s-au \u00eenregistrat evenimente deosebite sau cu impact \u00een planul ordinii \u0219i siguran\u021bei publice, minivacan\u021ba din acest an fiind una lini\u0219tit\u0103.<\/p>\n<p>Poli\u021bi\u0219tii giurgiuveni mul\u021bumesc cet\u0103\u021benilor pentru spiritul civic \u0219i modul lini\u0219tit \u00een care au \u00een\u021beles s\u0103-\u0219i petreac\u0103 minivacan\u021ba de Sf\u00e2ntul Andrei \u0219i 1 Decembrie&#8221;, este precizat \u00een comunicat.<\/p>\n<p>&nbsp;<\/p>\n","protected":false},"excerpt":{"rendered":"<p>\u00cen perioada 30 noiembrie &#8211; 2 decembrie a.c., poli\u021bi\u0219tii au ac\u021bionat pentru lini\u0219tea \u0219i siguran\u021ba cet\u0103\u021benilor, principalele activit\u0103\u021bi desf\u0103\u0219urate viz\u00e2nd prevenirea \u0219i combaterea faptelor antisociale, asigurarea unui climat de ordine \u0219i lini\u0219te public\u0103, precum \u0219i asigurarea unui trafic rutier \u00een condi\u021bii de siguran\u021b\u0103, se arat\u0103 \u00eentr-un comunicat de pres\u0103 al Poli\u0163iei Giurgiu.<\/p>\n","protected":false},"author":1,"featured_media":57407,"comment_status":"open","ping_status":"open","sticky":false,"template":"","format":"standard","meta":{"slim_seo":{"title":"GIURGIU: Minivacan\u0163a de 1 Decembrie, una destul de lini\u015ftit\u0103 - GIURGIU NET","description":"\u00cen perioada 30 noiembrie - 2 decembrie a.c., poli\u021bi\u0219tii au ac\u021bionat pentru lini\u0219tea \u0219i siguran\u021ba cet\u0103\u021benilor, principalele activit\u0103\u021bi desf\u0103\u0219urate viz\u00e2nd preveni"},"footnotes":""},"categories":[18,26,28],"tags":[2055],"class_list":["post-64602","post","type-post","status-publish","format-standard","has-post-thumbnail","category-actual","category-soc","category-uo","tag-politia-giurgiu"],"_links":{"self":[{"href":"https:\/\/giurgiu-net.ro\/index.php\/wp-json\/wp\/v2\/posts\/64602","targetHints":{"allow":["GET"]}}],"collection":[{"href":"https:\/\/giurgiu-net.ro\/index.php\/wp-json\/wp\/v2\/posts"}],"about":[{"href":"https:\/\/giurgiu-net.ro\/index.php\/wp-json\/wp\/v2\/types\/post"}],"author":[{"embeddable":true,"href":"https:\/\/giurgiu-net.ro\/index.php\/wp-json\/wp\/v2\/users\/1"}],"replies":[{"embeddable":true,"href":"https:\/\/giurgiu-net.ro\/index.php\/wp-json\/wp\/v2\/comments?post=64602"}],"version-history":[{"count":0,"href":"https:\/\/giurgiu-net.ro\/index.php\/wp-json\/wp\/v2\/posts\/64602\/revisions"}],"wp:featuredmedia":[{"embeddable":true,"href":"https:\/\/giurgiu-net.ro\/index.php\/wp-json\/wp\/v2\/media\/57407"}],"wp:attachment":[{"href":"https:\/\/giurgiu-net.ro\/index.php\/wp-json\/wp\/v2\/media?parent=64602"}],"wp:term":[{"taxonomy":"category","embeddable":true,"href":"https:\/\/giurgiu-net.ro\/index.php\/wp-json\/wp\/v2\/categories?post=64602"},{"taxonomy":"post_tag","embeddable":true,"href":"https:\/\/giurgiu-net.ro\/index.php\/wp-json\/wp\/v2\/tags?post=64602"}],"curies":[{"name":"wp","href":"https:\/\/api.w.org\/{rel}","templated":true}]}}