{"id":63964,"date":"2018-11-12T14:55:45","date_gmt":"2018-11-12T12:55:45","guid":{"rendered":"http:\/\/giurgiu-net.ro\/?p=63964"},"modified":"2018-11-12T14:55:45","modified_gmt":"2018-11-12T12:55:45","slug":"giurgiu-100-de-ani-de-la-eliberarea-orasului-de-catre-armata-generalului-berthelot","status":"publish","type":"post","link":"https:\/\/giurgiu-net.ro\/index.php\/2018\/11\/12\/giurgiu-100-de-ani-de-la-eliberarea-orasului-de-catre-armata-generalului-berthelot\/","title":{"rendered":"Giurgiu, 100 de ani de la eliberarea ora\u015fului de c\u0103tre armata generalului Berthelot"},"content":{"rendered":"<p style=\"text-align: center;\"><em>Un eveniment deosebit a reunit, luni, 12 noiembrie, reprezentan\u0163i ai autorit\u0103\u0163ilor jude\u0163ene, locale, cei ai Ministerului de Interne sau ai Ap\u0103r\u0103rii, dar \u015fi diploma\u0163i francezi, oameni de cultur\u0103 \u015fi istorici din Giurgiu \u015fi din \u0163ar\u0103.\u00a0Este vorba despre celebrarea a 100 de ani de la eliberarea ora\u015fului Giurgiu de c\u0103tre Armata Francez\u0103 a Dun\u0103rii, eveniment organizat de Prim\u0103ria municipiului, \u00een parteneriat cu mai multe institu\u0163ii din Giurgiu.<\/em><\/p>\n<p><!--more--><\/p>\n<p>Astfel, mai \u00eent\u00e2i, la sala de \u015fedin\u0163e a Consiliului Local a avut loc o \u015fedin\u0163\u0103 festiv\u0103.<\/p>\n<p><strong>CLICK PE IMAGINI PENTRU A LE M\u0102RI!<\/strong><\/p>\n\n<p><em>\u201eAm dorit s\u0103 marc\u0103m aceast\u0103 zi special\u0103 \u015fi pentru a sublinia leg\u0103tura deosebit\u0103 \u00eentre poporul rom\u00e2n \u015fi cel francez, o prietenie n\u0103scut\u0103 la Giurgiu, \u00een urm\u0103 cu 100 de ani\u201d<\/em>, a spus primarul Nicolae Barbu.<\/p>\n<p><img loading=\"lazy\" decoding=\"async\" class=\"alignnone wp-image-63972 size-full\" src=\"https:\/\/giurgiu-net.ro\/wp-content\/uploads\/2018\/11\/DSC_0092.jpg\" alt=\"\" width=\"800\" height=\"565\" \/><\/p>\n<p>La r\u00e2ndul s\u0103u, prefectul jude\u0163ului, Adriana Pu\u0163aru, s-a declarat onorat\u0103 s\u0103 participe la o asemenea activitate. <em>\u201eEste o zi important\u0103 pentru noi \u015fi felicit autorit\u0103\u0163ile locale pentru aceast\u0103 ini\u0163iativ\u0103 deosebit\u0103\u201d<\/em>, a subliniat Pu\u0163aru.<\/p>\n<p><img loading=\"lazy\" decoding=\"async\" class=\"alignnone size-full wp-image-63973\" src=\"https:\/\/giurgiu-net.ro\/wp-content\/uploads\/2018\/11\/DSC_0013.jpg\" alt=\"\" width=\"779\" height=\"800\" \/><\/p>\n<p><em>\u201eAm marcat, astfel, o zi deosebit de important\u0103 pentru istoria municipiului nostru, c\u00e2t \u015fi pentru istoria \u00eentregii Rom\u00e2nii. <\/em><\/p>\n<p><em>Marea Unire nu ar fi putut s\u0103 fie realizat\u0103 f\u0103r\u0103 sprijinul extraordinar al poporului francez, prieten \u015fi aliat, \u00een toate marile \u00eencerc\u0103ri prin care a trecut na\u0163iunea noastr\u0103(&#8230;).Ca tr\u0103itor \u00een acest ora\u015f, \u00eemi exprim gratitudinea pentru ajutorul dat \u00een trecut comunit\u0103\u0163ii noastre, iar ca pre\u015fedinte al Consiliului Jude\u0163ean Giurgiu privesc cu \u00eencredere \u00een viitorul rela\u0163iilor rom\u00e2no- franceze, \u00een marea familie european\u0103 \u015fi \u00een victoriile pe care comunit\u0103\u0163iile noastre le vor avea \u00een plan cultural, economic, administrativ \u015fi politic. <\/em><\/p>\n<p><em>Felicit autorit\u0103\u0163ile municipale pentru organizarea unui eveniment deosebit, menit s\u0103 \u00eei omagieze pe eroii no\u015ftri a\u015fa cum se cuvine!\u201d,<\/em> declar\u0103 \u015fi pre\u015fedintele Consiliului Jude\u0163ean Giurgiu, Marian Mina.<\/p>\n<p><img loading=\"lazy\" decoding=\"async\" class=\"alignnone size-full wp-image-63974\" src=\"https:\/\/giurgiu-net.ro\/wp-content\/uploads\/2018\/11\/DSC_0012.jpg\" alt=\"\" width=\"800\" height=\"631\" \/><\/p>\n<p>Invitatul special al acestui eveniment a fost colonelul Flavien Garrigou Grandchamp, ata\u015fatul Ap\u0103r\u0103rii Ambasadei Republicii Franceze \u00een Rom\u00e2nia.<\/p>\n<p><img loading=\"lazy\" decoding=\"async\" class=\"alignnone size-full wp-image-63975\" src=\"https:\/\/giurgiu-net.ro\/wp-content\/uploads\/2018\/11\/DSC_0070.jpg\" alt=\"\" width=\"800\" height=\"530\" \/><\/p>\n<p><em>\u201eSunt multe motive pentru mine s\u0103 fiu emo\u0163ionat. \u00cen calitate de istoric, dar \u015fi de soldat tr\u0103iesc emo\u0163ia unor asemenea momente speciale, pentru c\u0103 rememor\u0103m evenimente istorice foarte importante pentru popoarele noastre\u201d<\/em>, a spus, printre altele, colonelul Grandshamp.<\/p>\n<p>Evocarea semnifica\u0163iei zilei de 10 noiembrie 1918 a fost f\u0103cut\u0103 de c\u0103tre reputatul profesor universitar, doctor \u00een istorie, Dumitru Preda.<\/p>\n<p><img loading=\"lazy\" decoding=\"async\" class=\"alignnone size-full wp-image-63976\" src=\"https:\/\/giurgiu-net.ro\/wp-content\/uploads\/2018\/11\/DSC_0079.jpg\" alt=\"\" width=\"800\" height=\"610\" \/><\/p>\n<p><em>Mai apoi, dup\u0103 \u015fedin\u0163a de la Prim\u0103rie, oaspe\u0163ii \u015fi gazdele au mers la Monumentul Armatei Franceze a Dun\u0103rii, \u00een Parcul Alei. Acolo a avut loc o slujb\u0103 religioas\u0103, au fost depuse coroane de flori \u015fi ac\u0163iunea s-a \u00eencheiat cu defilarea G\u0103rzii de Onoare.<\/em><\/p>\n<p><strong>CLICK PE IMAGINI PENTRU A LE M\u0102RI!<\/strong><\/p>\n\n<p><em>Ultima activitate a avut loc la Muzeul Jude\u0163ean \u201eTeohari Antonescu\u201d, acolo unde muzeograful Emil P\u0103unescu a prezentat expozi\u0163ia \u201eValori bibliofile franceze \u00een colec\u0163ii giurgiuvene\u201d.<\/em><\/p>\n<p><strong>CLICK PE IMAGINI PENTRU A LE M\u0102RI!<\/strong><\/p>\n\n<p><em>&#8222;<\/em><em>La 9 noiembrie 1918, Armata de la Dun\u0103re, sub comanda lui Berthelot, trece fluviul \u00een trei locuri \u00een amonte de Giurgiu, pentru a jonc\u021biona cu armata rom\u00e2n\u0103, c\u0103ruia fostul \u0219ef al Misiunii Militare Franceze \u00eei d\u0103du \u00eent\u00e2lnire printr-un vibrant mesaj:<\/em><\/p>\n<p><em>\u201eCeasul drept\u0103\u021bii a sunat. Peste tot \u00eenvins, pe alocuri zdrobit, du\u0219manul este peste tot \u00een risipire. A venit ceasul s\u0103 arde\u021bi peticul de h\u00e2rtie cu care s-a f\u0103cut sila de la Bucure\u0219ti\u201d.<\/em><\/p>\n<p><em>\u00cen noaptea de 9 noiembrie 1918, deta\u0219amentele din regimentele 146 \u0219i 210 tiroliori trec bra\u021bul cel mare al Dun\u0103rii \u0219i se opresc \u00een ostrovul Ramadam. Dup\u0103 o lupt\u0103 foarte scurt\u0103 la nordul ora\u0219ului, cu ariergarda german\u0103, soldat\u0103 cu victime, ora\u0219ul Giurgiu este eliberat.<\/em><\/p>\n<p><em>Surs\u0103: <a href=\"https:\/\/www.ziarulnatiunea.ro\/2017\/10\/02\/romania-in-amintirile-unui-ofiter-francez-din-armata-de-dunare\/\" target=\"_blank\" rel=\"noopener\">https:\/\/www.ziarulnatiunea.ro\/2017\/10\/02\/romania-in-amintirile-unui-ofiter-francez-din-armata-de-dunare\/<\/a><\/em><\/p>\n<p><em><strong>TEXT \u015eI FOTO: C\u0103t\u0103lina Sfetcu<\/strong><\/em><\/p>\n<p>Mai multe fotografii de la eveniment, <a href=\"https:\/\/www.facebook.com\/pg\/Giurgiu-Net-Oficial-1869080486709220\/photos\/?tab=album&amp;album_id=2263607030589895&amp;__xts__%5B0%5D=68.ARAm96vCzujG9-r94kY4hCLQOoXHGOuMAenEaOqrtju67rBri7G0cG2hQPLQb-HOrfgbvlOsapPYl7HobSSyWUG1A-37IbYo8wq1ChSt95GJLDrufUC5Y3tIyQvTTX4GomDYQGvh_8A_Sl1Rd3kQvhtECBDrYKbSNQ_VEAKE_SdyrVzCx3ZqYl4B62LTwSNRTM55vuKEcBwfdHv7Gp0TVvTD3hVMI9KUdhiDdwC8cUvpzbRXfvzqUm6xiRIEkG9qPYhMbqvpu882LCWScxVHN8hPxkB9e6w-e86RoXcpxLS85GXjIrpWyQHrzetIN3rW3EtiKuPT6SArw9NjImoP0alXoRJoQ_6eDGkLJt0l93KVgLNBpnj9VHl5q2p2drdmysNHhzQeSB1pFvUGtCupcfHtFbLaYBmXR3LDs-w3ZK1oqy71fj9HPofdTGo-XlQjynKs2g5ludslRZtsC-SJdXO9CA&amp;__tn__=-UC-R\" target=\"_blank\" rel=\"noopener\">AICI:\u00a0<\/a><\/p>\n","protected":false},"excerpt":{"rendered":"<p>Un eveniment deosebit a reunit, luni, 12 noiembrie, reprezentan\u0163i ai autorit\u0103\u0163ilor jude\u0163ene, locale, cei ai Ministerului de Interne sau ai Ap\u0103r\u0103rii, dar \u015fi diploma\u0163i francezi, oameni de cultur\u0103 \u015fi istorici din Giurgiu \u015fi din \u0163ar\u0103.\u00a0Este vorba despre celebrarea a 100 de ani de la eliberarea ora\u015fului Giurgiu de c\u0103tre Armata Francez\u0103 a Dun\u0103rii, eveniment organizat [&hellip;]<\/p>\n","protected":false},"author":1,"featured_media":64006,"comment_status":"open","ping_status":"open","sticky":false,"template":"","format":"standard","meta":{"slim_seo":{"title":"Giurgiu, 100 de ani de la eliberarea ora\u015fului de c\u0103tre armata generalului Berthelot - GIURGIU NET","description":"Un eveniment deosebit a reunit, luni, 12 noiembrie, reprezentan\u0163i ai autorit\u0103\u0163ilor jude\u0163ene, locale, cei ai Ministerului de Interne sau ai Ap\u0103r\u0103rii, dar \u015fi dipl"},"footnotes":""},"categories":[18,19,26,28],"tags":[113,1242,1626,2158],"class_list":["post-63964","post","type-post","status-publish","format-standard","has-post-thumbnail","category-actual","category-adm","category-soc","category-uo","tag-adriana-putaru","tag-giurgiu-100-de-ani","tag-marian-mina","tag-primaria-giurgiu"],"_links":{"self":[{"href":"https:\/\/giurgiu-net.ro\/index.php\/wp-json\/wp\/v2\/posts\/63964","targetHints":{"allow":["GET"]}}],"collection":[{"href":"https:\/\/giurgiu-net.ro\/index.php\/wp-json\/wp\/v2\/posts"}],"about":[{"href":"https:\/\/giurgiu-net.ro\/index.php\/wp-json\/wp\/v2\/types\/post"}],"author":[{"embeddable":true,"href":"https:\/\/giurgiu-net.ro\/index.php\/wp-json\/wp\/v2\/users\/1"}],"replies":[{"embeddable":true,"href":"https:\/\/giurgiu-net.ro\/index.php\/wp-json\/wp\/v2\/comments?post=63964"}],"version-history":[{"count":0,"href":"https:\/\/giurgiu-net.ro\/index.php\/wp-json\/wp\/v2\/posts\/63964\/revisions"}],"wp:attachment":[{"href":"https:\/\/giurgiu-net.ro\/index.php\/wp-json\/wp\/v2\/media?parent=63964"}],"wp:term":[{"taxonomy":"category","embeddable":true,"href":"https:\/\/giurgiu-net.ro\/index.php\/wp-json\/wp\/v2\/categories?post=63964"},{"taxonomy":"post_tag","embeddable":true,"href":"https:\/\/giurgiu-net.ro\/index.php\/wp-json\/wp\/v2\/tags?post=63964"}],"curies":[{"name":"wp","href":"https:\/\/api.w.org\/{rel}","templated":true}]}}