{"id":63834,"date":"2018-11-02T11:46:49","date_gmt":"2018-11-02T09:46:49","guid":{"rendered":"http:\/\/giurgiu-net.ro\/?p=63834"},"modified":"2018-11-02T11:46:49","modified_gmt":"2018-11-02T09:46:49","slug":"giurgiu-a-spus-da-campaniei-100-pentru-100-unde-si-ce-arbori-au-fost-plantati-la-noi-citeste-aici","status":"publish","type":"post","link":"https:\/\/giurgiu-net.ro\/index.php\/2018\/11\/02\/giurgiu-a-spus-da-campaniei-100-pentru-100-unde-si-ce-arbori-au-fost-plantati-la-noi-citeste-aici\/","title":{"rendered":"Giurgiu a spus DA campaniei \u201e100 pentru 100\u201d. Unde \u015fi ce arbori au fost planta\u0163i la noi? CITE\u015eTE AICI!"},"content":{"rendered":"<p style=\"text-align: center;\"><em>\u00centr-un loc mai pu\u0163in frecventat de giurgiuveni sau de turi\u015fti, deci \u00eentr-o zon\u0103 s\u0103lbatic\u0103, dar foarte frumoas\u0103, deosebit\u0103 \u00een toate anotimpurile, vor cre\u015fte, de azi, 100 de plopi euramericani, planta\u0163i de elevi, dar \u015fi de angaja\u0163i ai mai multor institu\u0163ii din Giurgiu.\u00a0Aceasta, \u00een cadrul campaniei \u201e100 pentru 100\u201d demarat\u0103, la nivel na\u0163ional, de c\u0103tre Garda de Mediu.<\/em><!--more--><\/p>\n<p>La ac\u0163iunea de \u00eemp\u0103durire, ce a avut loc \u00een cantonul silvic Moc\u0103na\u015fu, au participat, a\u015fadar, elevii clasei a X-a E a Colegiului Na\u0163ional \u201eIon Maiorescu\u201d, conducerea Prefecturii Giurgiu, reprezentan\u0163i ai Consiliului Jude\u0163ean, ai Agen\u0163iei pentru Protec\u0163ia Mediului, ai G\u0103rzii de Mediu, dar \u015fi salaria\u0163i ai Direc\u0163iei Silvice Giurgiu.<\/p>\n<p><img loading=\"lazy\" decoding=\"async\" class=\"alignnone wp-image-63835 size-full\" src=\"https:\/\/giurgiu-net.ro\/wp-content\/uploads\/2018\/11\/DSC_0494.jpg\" alt=\"\" width=\"800\" height=\"530\" \/> <img loading=\"lazy\" decoding=\"async\" class=\"alignnone wp-image-63836 size-full\" src=\"https:\/\/giurgiu-net.ro\/wp-content\/uploads\/2018\/11\/DSC_0453.jpg\" alt=\"\" width=\"800\" height=\"530\" \/> <img loading=\"lazy\" decoding=\"async\" class=\"alignnone size-medium wp-image-63837\" src=\"https:\/\/giurgiu-net.ro\/wp-content\/uploads\/2018\/11\/DSC_0452-200x143.jpg\" alt=\"\" width=\"200\" height=\"143\" \/> <img loading=\"lazy\" decoding=\"async\" class=\"alignnone size-medium wp-image-63838\" src=\"https:\/\/giurgiu-net.ro\/wp-content\/uploads\/2018\/11\/DSC_0445-200x133.jpg\" alt=\"\" width=\"200\" height=\"133\" \/> <img loading=\"lazy\" decoding=\"async\" class=\"alignnone size-medium wp-image-63839\" src=\"https:\/\/giurgiu-net.ro\/wp-content\/uploads\/2018\/11\/DSC_0436-200x133.jpg\" alt=\"\" width=\"200\" height=\"133\" \/> <img loading=\"lazy\" decoding=\"async\" class=\"alignnone wp-image-63840 size-full\" src=\"https:\/\/giurgiu-net.ro\/wp-content\/uploads\/2018\/11\/DSC_0435.jpg\" alt=\"\" width=\"800\" height=\"530\" \/> <img loading=\"lazy\" decoding=\"async\" class=\"alignnone wp-image-63841 size-full\" src=\"https:\/\/giurgiu-net.ro\/wp-content\/uploads\/2018\/11\/DSC_0434.jpg\" alt=\"\" width=\"800\" height=\"530\" \/> <img loading=\"lazy\" decoding=\"async\" class=\"alignnone wp-image-63842 size-full\" src=\"https:\/\/giurgiu-net.ro\/wp-content\/uploads\/2018\/11\/DSC_0432.jpg\" alt=\"\" width=\"800\" height=\"530\" \/> <img loading=\"lazy\" decoding=\"async\" class=\"alignnone wp-image-63843 size-full\" src=\"https:\/\/giurgiu-net.ro\/wp-content\/uploads\/2018\/11\/DSC_0429.jpg\" alt=\"\" width=\"800\" height=\"530\" \/><\/p>\n<p><em>\u201eNu este deloc \u00eent\u00e2mpl\u0103toare aceast\u0103 activitate, suntem, s\u0103 nu uit\u0103m, \u00een Anul Centenar \u015fi, astfel, nu \u00eent\u00e2mp\u0103tor a fost ales num\u0103rul de 100 de arbori pe care \u00eei plant\u0103m ast\u0103zi. Ini\u0163iativa, care apar\u0163ine G\u0103rzii de Mediu, este mai mult dec\u00e2t l\u0103udabil\u0103. Dac\u0103 vre\u0163i, putem s\u0103 o consider\u0103m o metafor\u0103&#8230;Copacul \u00eenseamn\u0103 via\u0163\u0103, viitor, regenerare. Prin aceste campanii \u00eencerc\u0103m s\u0103 \u00eei determin\u0103m pe oameni s\u0103 protejeze natura, s\u0103 ajute la regenerarea acesteia, iar prin implicarea copiilor, dorim s\u0103 d\u0103m un exemplu. Totodat\u0103, ne dorim ca asemenea activit\u0103\u0163i s\u0103 aib\u0103 un caracter permanent\u201d<\/em>, a declarat prefectul de Giurgiu, <strong>Adriana Pu\u0163aru<\/strong>.<\/p>\n<p><img loading=\"lazy\" decoding=\"async\" class=\"alignnone wp-image-63844 size-full\" src=\"https:\/\/giurgiu-net.ro\/wp-content\/uploads\/2018\/11\/DSC_0468.jpg\" alt=\"\" width=\"530\" height=\"800\" \/> <img loading=\"lazy\" decoding=\"async\" class=\"alignnone wp-image-63845 size-full\" src=\"https:\/\/giurgiu-net.ro\/wp-content\/uploads\/2018\/11\/DSC_0467.jpg\" alt=\"\" width=\"800\" height=\"530\" \/> <img loading=\"lazy\" decoding=\"async\" class=\"alignnone wp-image-63846 size-full\" src=\"https:\/\/giurgiu-net.ro\/wp-content\/uploads\/2018\/11\/DSC_0446.jpg\" alt=\"\" width=\"800\" height=\"597\" \/> <img loading=\"lazy\" decoding=\"async\" class=\"alignnone wp-image-63847 size-full\" src=\"https:\/\/giurgiu-net.ro\/wp-content\/uploads\/2018\/11\/DSC_0437.jpg\" alt=\"\" width=\"800\" height=\"488\" \/><\/p>\n<p>La r\u00e2ndul s\u0103u, directorul G\u0103rzii de Mediu Giurgiu, <strong>Larisa Stocheci<\/strong>, le-a mul\u0163umit tuturor celor prezen\u0163i pentru c\u0103 au r\u0103spuns invita\u0163iei sale.<\/p>\n<p><em>\u201ePentru a marca Centenarul Marii Uniri, Garda Na\u0163ional\u0103 de Mediu \u015fi Regia Na\u0163ional\u0103 a P\u0103durilor Romsilva au demarat un proiect denumit <strong>100 pentru 100<\/strong>\u00a0prin intermediul c\u0103ruia s-a realizat plantarea a 100 de arbori \u00een toate jude\u0163ele. Aceast\u0103 activitate nu ar fi fost posibil\u0103 f\u0103r\u0103 sprijinul celor de la Direc\u0163ia Silvic\u0103 Giurgiu, le mul\u0163umesc, a\u015fa cum \u00eei mul\u0163umesc pentru prezen\u0163\u0103 \u015fi sprijin \u015fi doamnei prefect, dar \u015fi celor de la Asocia\u0163ia <strong>Prietenii de l\u00e2ng\u0103 tine<\/strong> \u015fi elevilor de la Colegiul Maiorescu. Noi dorim ca ac\u0163iunea s\u0103 reprezinte un exemplu pentru toate institu\u0163iile din jude\u0163. Obiectivul campaniei este acela de a \u00eembun\u0103t\u0103\u0163i calitatea factorilor de mediu, fapt ce \u00ee\u015fi va pune amprenta asupra s\u0103n\u0103t\u0103\u0163ii noastre \u015fi a copiilor no\u015ftri\u201d<\/em>, a precizat Larisa Stocheci.<\/p>\n<p><img loading=\"lazy\" decoding=\"async\" class=\"alignnone wp-image-63848 size-full\" src=\"https:\/\/giurgiu-net.ro\/wp-content\/uploads\/2018\/11\/DSC_0475.jpg\" alt=\"\" width=\"530\" height=\"800\" \/> <img loading=\"lazy\" decoding=\"async\" class=\"alignnone wp-image-63849 size-full\" src=\"https:\/\/giurgiu-net.ro\/wp-content\/uploads\/2018\/11\/DSC_0471.jpg\" alt=\"\" width=\"800\" height=\"556\" \/> <img loading=\"lazy\" decoding=\"async\" class=\"alignnone wp-image-63850 size-full\" src=\"https:\/\/giurgiu-net.ro\/wp-content\/uploads\/2018\/11\/DSC_0463.jpg\" alt=\"\" width=\"800\" height=\"530\" \/> <img loading=\"lazy\" decoding=\"async\" class=\"alignnone wp-image-63851 size-full\" src=\"https:\/\/giurgiu-net.ro\/wp-content\/uploads\/2018\/11\/DSC_0461.jpg\" alt=\"\" width=\"800\" height=\"530\" \/> <img loading=\"lazy\" decoding=\"async\" class=\"alignnone wp-image-63852 size-full\" src=\"https:\/\/giurgiu-net.ro\/wp-content\/uploads\/2018\/11\/DSC_0443.jpg\" alt=\"\" width=\"800\" height=\"594\" \/><\/p>\n<p><em>\u201e\u00cen fiecare prim\u0103var\u0103 \u015fi toamn\u0103, desf\u0103\u015fur\u0103m astfel de ac\u0163iuni, \u00een perioada dedicat\u0103 \u00eemp\u0103duririi tuturor suprafe\u0163elor pe care noi le exploat\u0103m. Ast\u0103zi, vom planta 100 de plopi euramericani \u015fi activitatea este realizat\u0103 \u00een baza protocoalelor de colaborare pe care le avem cu institu\u0163iile reprezentate azi, aici, de c\u0103tre cei prezen\u0163i. Ne afl\u0103m, a\u015fadar, \u00een Ocolul Silvic Giurgiu, Unitatea de produc\u0163ie 2, cantonul silvic Moc\u0103na\u015ful, parcela 60. Este o zi frumoas\u0103, cu vreme potrivit\u0103 \u015fi v\u0103 dorim spor la treab\u0103 tuturor!\u201d<\/em>, a declarat \u015fi directorul Direc\u0163iei Silvice Giurgiu, Viorel Mitroi(prima foto s- dreapta).<\/p>\n<p><img loading=\"lazy\" decoding=\"async\" class=\"alignnone wp-image-63860 size-full\" src=\"https:\/\/giurgiu-net.ro\/wp-content\/uploads\/2018\/11\/DSC_0440.jpg\" alt=\"\" width=\"800\" height=\"582\" \/><\/p>\n<p><img loading=\"lazy\" decoding=\"async\" class=\"alignnone wp-image-63854 size-full\" src=\"https:\/\/giurgiu-net.ro\/wp-content\/uploads\/2018\/11\/DSC_0491.jpg\" alt=\"\" width=\"800\" height=\"530\" \/> <img loading=\"lazy\" decoding=\"async\" class=\"alignnone wp-image-63855 size-full\" src=\"https:\/\/giurgiu-net.ro\/wp-content\/uploads\/2018\/11\/DSC_0488.jpg\" alt=\"\" width=\"530\" height=\"800\" \/> <img loading=\"lazy\" decoding=\"async\" class=\"alignnone wp-image-63856 size-full\" src=\"https:\/\/giurgiu-net.ro\/wp-content\/uploads\/2018\/11\/DSC_0483.jpg\" alt=\"\" width=\"800\" height=\"613\" \/> <img loading=\"lazy\" decoding=\"async\" class=\"alignnone wp-image-63857 size-full\" src=\"https:\/\/giurgiu-net.ro\/wp-content\/uploads\/2018\/11\/DSC_0478.jpg\" alt=\"\" width=\"530\" height=\"800\" \/> <img loading=\"lazy\" decoding=\"async\" class=\"alignnone wp-image-63858 size-full\" src=\"https:\/\/giurgiu-net.ro\/wp-content\/uploads\/2018\/11\/DSC_0476.jpg\" alt=\"\" width=\"800\" height=\"530\" \/> <img loading=\"lazy\" decoding=\"async\" class=\"alignnone wp-image-63859 size-full\" src=\"https:\/\/giurgiu-net.ro\/wp-content\/uploads\/2018\/11\/DSC_0462.jpg\" alt=\"\" width=\"800\" height=\"530\" \/><\/p>\n<p>Text \u015fi foto: C\u0103t\u0103lina Sfetcu<\/p>\n<p><strong>Mai multe fotografii de la eveniment, <a href=\"https:\/\/www.facebook.com\/pg\/Giurgiu-Net-Oficial-1869080486709220\/photos\/?tab=album&amp;album_id=2257257231224875&amp;__xts__%5B0%5D=68.ARAMOGXYqGIIULZ3zVMoL4GHjbkia8wGWd0asGp3q6tzhj-FjLfxDuTKgpYZlYm46zcnhRxE3TLlCO8_Yc4E-d1hY87cL0Iqx4jf0LgFbD1oFWyOm8eaeDRzxBZ2Fp19-g79DZF-3oafvZ-UwLruFrXkJcudnvEoiDA1JmHdEm45p4vt1E368xC4qv7hZevdpn8qVNON_jo&amp;__tn__=-UC-R\" target=\"_blank\" rel=\"noopener\">AICI:\u00a0<\/a><\/strong><\/p>\n","protected":false},"excerpt":{"rendered":"<p>\u00centr-un loc mai pu\u0163in frecventat de giurgiuveni sau de turi\u015fti, deci \u00eentr-o zon\u0103 s\u0103lbatic\u0103, dar foarte frumoas\u0103, deosebit\u0103 \u00een toate anotimpurile, vor cre\u015fte, de azi, 100 de plopi euramericani, planta\u0163i de elevi, dar \u015fi de angaja\u0163i ai mai multor institu\u0163ii din Giurgiu.\u00a0Aceasta, \u00een cadrul campaniei \u201e100 pentru 100\u201d demarat\u0103, la nivel na\u0163ional, de c\u0103tre Garda [&hellip;]<\/p>\n","protected":false},"author":1,"featured_media":63853,"comment_status":"open","ping_status":"open","sticky":false,"template":"","format":"standard","meta":{"slim_seo":{"title":"Giurgiu a spus DA campaniei \u201e100 pentru 100\u201d. Unde \u015fi ce arbori au fost planta\u0163i la noi? CITE\u015eTE AICI! - GIURGIU NET","description":"\u00centr-un loc mai pu\u0163in frecventat de giurgiuveni sau de turi\u015fti, deci \u00eentr-o zon\u0103 s\u0103lbatic\u0103, dar foarte frumoas\u0103, deosebit\u0103 \u00een toate anotimpurile, vor cre\u015fte, de"},"footnotes":""},"categories":[18,19,29,26,28],"tags":[113,1206,1499],"class_list":["post-63834","post","type-post","status-publish","format-standard","has-post-thumbnail","category-actual","category-adm","category-educatie-si-cultura","category-soc","category-uo","tag-adriana-putaru","tag-garda-de-mediu","tag-larisa-stocheci"],"_links":{"self":[{"href":"https:\/\/giurgiu-net.ro\/index.php\/wp-json\/wp\/v2\/posts\/63834","targetHints":{"allow":["GET"]}}],"collection":[{"href":"https:\/\/giurgiu-net.ro\/index.php\/wp-json\/wp\/v2\/posts"}],"about":[{"href":"https:\/\/giurgiu-net.ro\/index.php\/wp-json\/wp\/v2\/types\/post"}],"author":[{"embeddable":true,"href":"https:\/\/giurgiu-net.ro\/index.php\/wp-json\/wp\/v2\/users\/1"}],"replies":[{"embeddable":true,"href":"https:\/\/giurgiu-net.ro\/index.php\/wp-json\/wp\/v2\/comments?post=63834"}],"version-history":[{"count":0,"href":"https:\/\/giurgiu-net.ro\/index.php\/wp-json\/wp\/v2\/posts\/63834\/revisions"}],"wp:attachment":[{"href":"https:\/\/giurgiu-net.ro\/index.php\/wp-json\/wp\/v2\/media?parent=63834"}],"wp:term":[{"taxonomy":"category","embeddable":true,"href":"https:\/\/giurgiu-net.ro\/index.php\/wp-json\/wp\/v2\/categories?post=63834"},{"taxonomy":"post_tag","embeddable":true,"href":"https:\/\/giurgiu-net.ro\/index.php\/wp-json\/wp\/v2\/tags?post=63834"}],"curies":[{"name":"wp","href":"https:\/\/api.w.org\/{rel}","templated":true}]}}