{"id":63770,"date":"2018-10-26T13:52:37","date_gmt":"2018-10-26T10:52:37","guid":{"rendered":"http:\/\/giurgiu-net.ro\/?p=63770"},"modified":"2018-10-26T13:52:37","modified_gmt":"2018-10-26T10:52:37","slug":"inspiratia-de-vineri","status":"publish","type":"post","link":"https:\/\/giurgiu-net.ro\/index.php\/2018\/10\/26\/inspiratia-de-vineri\/","title":{"rendered":"InspiRa\u0163ia de Vineri"},"content":{"rendered":"<p>Domnule Anton, tot n-a fost bine, pe cuv\u00e2nt!<!--more--><\/p>\n<p>N-am \u00een\u0163eles sensul (nici al) conferin\u0163ei de pres\u0103 de azi a PNL Giurgiu. Suntem mai mul\u0163i, s\u0103 \u015fti\u0163i!<\/p>\n<p>Ce-s, domnule, subiectele astea? Al\u0103 cu \u201ccine-a \u00eempu\u015fcat c\u00e2inele\u201d e maxim. Ave\u0163i ce-ave\u0163i cu v\u00e2n\u0103torii care nu v\u0103 mai iau cu ei, pesemne! Dar ce treab\u0103 are giurgiuveanu\u2019 cu subiectul \u0103sta \u015fi ce leg\u0103tur\u0103 are subiectul cu o conferin\u0163\u0103 de pres\u0103 a PNL Giurgiu? Pe giurgiuvean \u00eel intereseaz\u0103 ce drumuri sunt \u00een lucru, ce \u015fcoli vor mai fi modernizate, c\u00e2nd \u00eencep lucr\u0103rile la spital, ce planuri ave\u0163i pentru c\u00e2nd o s\u0103 mai ajunge\u0163i la guvernare- IF-, d-astea, z\u0103u!<\/p>\n<p>Noroc cu sunatul la \u201e<strong>o sut\u0103 doi\u015fpe<\/strong>\u201d :D, cum a\u0163i zis dumneavoastr\u0103(<em>noi credem c\u0103 mai bine la Un\u015fpe Doi, e mai u\u015for de re\u0163inut<\/em>) \u015fi cu \u201eAsocia\u0163iile de Animale\u201d(<em>am auzit \u015fi eu de multe d-astea, ave\u0163i dreptate<\/em>), c\u0103 altfel chiar n-avem nimic de notat de la conferin\u0163\u0103.<\/p>\n<p>A, pardon, pardon, mai merge \u015fi r\u0103spunsul la \u00eentrebarea: <em>cum v\u0103 \u00een\u0163elege\u0163i\u00a0cu R\u0103zvan Cuc \u015fi Alexandru Andrei?<\/em><\/p>\n<p><strong><em>\u201eDac\u0103 vreau s\u0103 le fac r\u0103u, zic c\u0103 bine, dac\u0103 vreau s\u0103 le fac bine, zic c\u0103 r\u0103u!\u201d<\/em><\/strong>. \u015ei ei care, probabil, credeau c\u0103 le vre\u0163i exclusiv binele, zic&#8230; Sorry, guys!<\/p>\n<p>Formidabil, ca un adev\u0103rat politician, ca un mare, mare v\u00e2n\u0103tor. I-a\u0163i ciuruit pe to\u0163i.<\/p>\n<p>At\u00e2t:<\/p>\n<p><img loading=\"lazy\" decoding=\"async\" class=\"alignnone size-full wp-image-63771\" src=\"https:\/\/giurgiu-net.ro\/wp-content\/uploads\/2018\/10\/colaj-2-bun.jpg\" alt=\"\" width=\"5120\" height=\"2880\" \/><\/p>\n<p>Acest material este par\u0163ial un pamflet \u015fi trebuie tratat ca atare. Fotografia este un trucaj. Idem.<\/p>\n","protected":false},"excerpt":{"rendered":"<p>Domnule Anton, tot n-a fost bine, pe cuv\u00e2nt!<\/p>\n","protected":false},"author":1,"featured_media":63771,"comment_status":"open","ping_status":"open","sticky":false,"template":"","format":"standard","meta":{"slim_seo":{"title":"InspiRa\u0163ia de Vineri - GIURGIU NET","description":"Domnule Anton, tot n-a fost bine, pe cuv\u00e2nt! N-am \u00een\u0163eles sensul (nici al) conferin\u0163ei de pres\u0103 de azi a PNL Giurgiu. Suntem mai mul\u0163i, s\u0103 \u015fti\u0163i! Ce-s, domnule,"},"footnotes":""},"categories":[18,23,25,28],"tags":[172,1634,2027,2290],"class_list":["post-63770","post","type-post","status-publish","format-standard","has-post-thumbnail","category-actual","category-pam","category-pol","category-uo","tag-alexandru-andrei","tag-marin-anton","tag-pnl-giurgiu","tag-razvan-cuc"],"_links":{"self":[{"href":"https:\/\/giurgiu-net.ro\/index.php\/wp-json\/wp\/v2\/posts\/63770","targetHints":{"allow":["GET"]}}],"collection":[{"href":"https:\/\/giurgiu-net.ro\/index.php\/wp-json\/wp\/v2\/posts"}],"about":[{"href":"https:\/\/giurgiu-net.ro\/index.php\/wp-json\/wp\/v2\/types\/post"}],"author":[{"embeddable":true,"href":"https:\/\/giurgiu-net.ro\/index.php\/wp-json\/wp\/v2\/users\/1"}],"replies":[{"embeddable":true,"href":"https:\/\/giurgiu-net.ro\/index.php\/wp-json\/wp\/v2\/comments?post=63770"}],"version-history":[{"count":0,"href":"https:\/\/giurgiu-net.ro\/index.php\/wp-json\/wp\/v2\/posts\/63770\/revisions"}],"wp:attachment":[{"href":"https:\/\/giurgiu-net.ro\/index.php\/wp-json\/wp\/v2\/media?parent=63770"}],"wp:term":[{"taxonomy":"category","embeddable":true,"href":"https:\/\/giurgiu-net.ro\/index.php\/wp-json\/wp\/v2\/categories?post=63770"},{"taxonomy":"post_tag","embeddable":true,"href":"https:\/\/giurgiu-net.ro\/index.php\/wp-json\/wp\/v2\/tags?post=63770"}],"curies":[{"name":"wp","href":"https:\/\/api.w.org\/{rel}","templated":true}]}}