{"id":63152,"date":"2018-09-28T08:31:09","date_gmt":"2018-09-28T05:31:09","guid":{"rendered":"http:\/\/giurgiu-net.ro\/?p=63152"},"modified":"2018-09-28T08:31:09","modified_gmt":"2018-09-28T05:31:09","slug":"foto-primarii-giurgiuveni-la-sedinta-despre-ce-au-discutat","status":"publish","type":"post","link":"https:\/\/giurgiu-net.ro\/index.php\/2018\/09\/28\/foto-primarii-giurgiuveni-la-sedinta-despre-ce-au-discutat\/","title":{"rendered":"FOTO: Primarii giurgiuveni, la \u015fedin\u0163\u0103! DESPRE CE au discutat?"},"content":{"rendered":"<p>Pre\u015fedintele PSD Giurgiu, Niculae B\u0103d\u0103l\u0103u, a declarat, joi, 27 septembrie, \u00een conferin\u0163\u0103 de pres\u0103 c\u0103 \u015fi la Giurgiu au \u00eenceput deja preg\u0103tirile pentru Referendum.<\/p>\n<p>&#8222;Avem un eveniment extrem de important: Referendumul fa\u0163\u0103 de schimbarea Constitu\u0163iei, familia tradi\u0163ional\u0103. Sus\u0163in acest proiect \u015fi, \u00een aceast\u0103 idee, \u015fi cu ocazia Comitetului executiv al Organiza\u0163iei Jude\u0163ene a PSD Giurgiu o s\u0103 discut cu primarii pentru o organizare c\u00e2t mai bun\u0103 \u015fi pentru a merge la vot s\u0103 sprijinim aceast\u0103 ini\u0163iativ\u0103. Eu consider c\u0103 este o ini\u0163iativ\u0103 bun\u0103 at\u00e2ta timp c\u00e2t au semnat- o peste trei milioane de cet\u0103\u0163eni. Cu siguran\u0163\u0103, ea trebuie \u015fi dus\u0103 la \u00eendeplinire&#8221;, a declarat Niculae B\u0103d\u0103l\u0103u.<\/p>\n<p><img loading=\"lazy\" decoding=\"async\" class=\"alignnone size-full wp-image-63153\" src=\"https:\/\/giurgiu-net.ro\/wp-content\/uploads\/2018\/09\/DSC_0358.jpg\" alt=\"\" width=\"800\" height=\"468\" \/> <img loading=\"lazy\" decoding=\"async\" class=\"alignnone size-full wp-image-63154\" src=\"https:\/\/giurgiu-net.ro\/wp-content\/uploads\/2018\/09\/DSC_0364.jpg\" alt=\"\" width=\"800\" height=\"537\" \/> <img loading=\"lazy\" decoding=\"async\" class=\"alignnone size-full wp-image-63155\" src=\"https:\/\/giurgiu-net.ro\/wp-content\/uploads\/2018\/09\/DSC_0368.jpg\" alt=\"\" width=\"800\" height=\"314\" \/><\/p>\n<p><img loading=\"lazy\" decoding=\"async\" class=\"alignnone size-full wp-image-63156\" src=\"https:\/\/giurgiu-net.ro\/wp-content\/uploads\/2018\/09\/DSC_0323.jpg\" alt=\"\" width=\"800\" height=\"530\" \/> <img loading=\"lazy\" decoding=\"async\" class=\"alignnone size-full wp-image-63157\" src=\"https:\/\/giurgiu-net.ro\/wp-content\/uploads\/2018\/09\/DSC_0325.jpg\" alt=\"\" width=\"800\" height=\"537\" \/> <img loading=\"lazy\" decoding=\"async\" class=\"alignnone size-full wp-image-63158\" src=\"https:\/\/giurgiu-net.ro\/wp-content\/uploads\/2018\/09\/DSC_0327.jpg\" alt=\"\" width=\"800\" height=\"487\" \/> <img loading=\"lazy\" decoding=\"async\" class=\"alignnone size-full wp-image-63160\" src=\"https:\/\/giurgiu-net.ro\/wp-content\/uploads\/2018\/09\/DSC_0329.jpg\" alt=\"\" width=\"800\" height=\"639\" \/> <img loading=\"lazy\" decoding=\"async\" class=\"alignnone size-full wp-image-63161\" src=\"https:\/\/giurgiu-net.ro\/wp-content\/uploads\/2018\/09\/DSC_0330.jpg\" alt=\"\" width=\"800\" height=\"530\" \/> <img loading=\"lazy\" decoding=\"async\" class=\"alignnone size-full wp-image-63162\" src=\"https:\/\/giurgiu-net.ro\/wp-content\/uploads\/2018\/09\/DSC_0331.jpg\" alt=\"\" width=\"800\" height=\"571\" \/> <img loading=\"lazy\" decoding=\"async\" class=\"alignnone size-full wp-image-63163\" src=\"https:\/\/giurgiu-net.ro\/wp-content\/uploads\/2018\/09\/DSC_0332.jpg\" alt=\"\" width=\"800\" height=\"530\" \/> <img loading=\"lazy\" decoding=\"async\" class=\"alignnone size-full wp-image-63164\" src=\"https:\/\/giurgiu-net.ro\/wp-content\/uploads\/2018\/09\/DSC_0333.jpg\" alt=\"\" width=\"800\" height=\"481\" \/> <img loading=\"lazy\" decoding=\"async\" class=\"alignnone size-full wp-image-63165\" src=\"https:\/\/giurgiu-net.ro\/wp-content\/uploads\/2018\/09\/DSC_0334.jpg\" alt=\"\" width=\"800\" height=\"488\" \/> <img loading=\"lazy\" decoding=\"async\" class=\"alignnone size-full wp-image-63166\" src=\"https:\/\/giurgiu-net.ro\/wp-content\/uploads\/2018\/09\/DSC_0336-1.jpg\" alt=\"\" width=\"800\" height=\"460\" \/> <img loading=\"lazy\" decoding=\"async\" class=\"alignnone size-full wp-image-63167\" src=\"https:\/\/giurgiu-net.ro\/wp-content\/uploads\/2018\/09\/DSC_0338.jpg\" alt=\"\" width=\"800\" height=\"749\" \/> <img loading=\"lazy\" decoding=\"async\" class=\"alignnone size-full wp-image-63168\" src=\"https:\/\/giurgiu-net.ro\/wp-content\/uploads\/2018\/09\/DSC_0339.jpg\" alt=\"\" width=\"800\" height=\"715\" \/> <img loading=\"lazy\" decoding=\"async\" class=\"alignnone size-full wp-image-63169\" src=\"https:\/\/giurgiu-net.ro\/wp-content\/uploads\/2018\/09\/DSC_0340.jpg\" alt=\"\" width=\"800\" height=\"611\" \/> <img loading=\"lazy\" decoding=\"async\" class=\"alignnone size-full wp-image-63170\" src=\"https:\/\/giurgiu-net.ro\/wp-content\/uploads\/2018\/09\/DSC_0342.jpg\" alt=\"\" width=\"800\" height=\"699\" \/> <img loading=\"lazy\" decoding=\"async\" class=\"alignnone size-full wp-image-63171\" src=\"https:\/\/giurgiu-net.ro\/wp-content\/uploads\/2018\/09\/DSC_0343.jpg\" alt=\"\" width=\"800\" height=\"640\" \/> <img loading=\"lazy\" decoding=\"async\" class=\"alignnone size-full wp-image-63172\" src=\"https:\/\/giurgiu-net.ro\/wp-content\/uploads\/2018\/09\/DSC_0344.jpg\" alt=\"\" width=\"800\" height=\"573\" \/> <img loading=\"lazy\" decoding=\"async\" class=\"alignnone size-full wp-image-63173\" src=\"https:\/\/giurgiu-net.ro\/wp-content\/uploads\/2018\/09\/DSC_0345.jpg\" alt=\"\" width=\"800\" height=\"612\" \/> <img loading=\"lazy\" decoding=\"async\" class=\"alignnone size-full wp-image-63174\" src=\"https:\/\/giurgiu-net.ro\/wp-content\/uploads\/2018\/09\/DSC_0346.jpg\" alt=\"\" width=\"800\" height=\"530\" \/> <img loading=\"lazy\" decoding=\"async\" class=\"alignnone size-full wp-image-63175\" src=\"https:\/\/giurgiu-net.ro\/wp-content\/uploads\/2018\/09\/DSC_0349.jpg\" alt=\"\" width=\"800\" height=\"530\" \/> <img loading=\"lazy\" decoding=\"async\" class=\"alignnone size-full wp-image-63176\" src=\"https:\/\/giurgiu-net.ro\/wp-content\/uploads\/2018\/09\/DSC_0350.jpg\" alt=\"\" width=\"800\" height=\"530\" \/> <img loading=\"lazy\" decoding=\"async\" class=\"alignnone size-full wp-image-63177\" src=\"https:\/\/giurgiu-net.ro\/wp-content\/uploads\/2018\/09\/DSC_0352.jpg\" alt=\"\" width=\"800\" height=\"590\" \/> <img loading=\"lazy\" decoding=\"async\" class=\"alignnone size-full wp-image-63178\" src=\"https:\/\/giurgiu-net.ro\/wp-content\/uploads\/2018\/09\/DSC_0356.jpg\" alt=\"\" width=\"800\" height=\"530\" \/> <img loading=\"lazy\" decoding=\"async\" class=\"alignnone size-full wp-image-63179\" src=\"https:\/\/giurgiu-net.ro\/wp-content\/uploads\/2018\/09\/DSC_0357.jpg\" alt=\"\" width=\"800\" height=\"530\" \/> <img loading=\"lazy\" decoding=\"async\" class=\"alignnone size-full wp-image-63180\" src=\"https:\/\/giurgiu-net.ro\/wp-content\/uploads\/2018\/09\/DSC_0359.jpg\" alt=\"\" width=\"800\" height=\"370\" \/> <img loading=\"lazy\" decoding=\"async\" class=\"alignnone size-full wp-image-63181\" src=\"https:\/\/giurgiu-net.ro\/wp-content\/uploads\/2018\/09\/DSC_0360.jpg\" alt=\"\" width=\"800\" height=\"641\" \/> <img loading=\"lazy\" decoding=\"async\" class=\"alignnone size-full wp-image-63182\" src=\"https:\/\/giurgiu-net.ro\/wp-content\/uploads\/2018\/09\/DSC_0362.jpg\" alt=\"\" width=\"771\" height=\"800\" \/> <img loading=\"lazy\" decoding=\"async\" class=\"alignnone size-full wp-image-63183\" src=\"https:\/\/giurgiu-net.ro\/wp-content\/uploads\/2018\/09\/DSC_0365.jpg\" alt=\"\" width=\"800\" height=\"793\" \/><\/p>\n<p><img loading=\"lazy\" decoding=\"async\" class=\"alignnone size-full wp-image-63159\" src=\"https:\/\/giurgiu-net.ro\/wp-content\/uploads\/2018\/09\/DSC_0328.jpg\" alt=\"\" width=\"800\" height=\"535\" \/>Referendumul privind redefinirea familiei va avea loc pe 6 \u015fi 7 octombrie, \u00eentre orele 7,00 \u015fi 21,00.<\/p>\n","protected":false},"excerpt":{"rendered":"<p>Pre\u015fedintele PSD Giurgiu, Niculae B\u0103d\u0103l\u0103u, a declarat, joi, 27 septembrie, \u00een conferin\u0163\u0103 de pres\u0103 c\u0103 \u015fi la Giurgiu au \u00eenceput deja preg\u0103tirile pentru Referendum. &#8222;Avem un eveniment extrem de important: Referendumul fa\u0163\u0103 de schimbarea Constitu\u0163iei, familia tradi\u0163ional\u0103. Sus\u0163in acest proiect \u015fi, \u00een aceast\u0103 idee, \u015fi cu ocazia Comitetului executiv al Organiza\u0163iei Jude\u0163ene a PSD Giurgiu [&hellip;]<\/p>\n","protected":false},"author":1,"featured_media":63184,"comment_status":"open","ping_status":"open","sticky":false,"template":"","format":"standard","meta":{"slim_seo":{"title":"FOTO: Primarii giurgiuveni, la \u015fedin\u0163\u0103! DESPRE CE au discutat? - GIURGIU NET","description":"Pre\u015fedintele PSD Giurgiu, Niculae B\u0103d\u0103l\u0103u, a declarat, joi, 27 septembrie, \u00een conferin\u0163\u0103 de pres\u0103 c\u0103 \u015fi la Giurgiu au \u00eenceput deja preg\u0103tirile pentru Referendum"},"footnotes":""},"categories":[18,22,26,28],"tags":[1839],"class_list":["post-63152","post","type-post","status-publish","format-standard","has-post-thumbnail","category-actual","category-nt","category-soc","category-uo","tag-niculae-badalau"],"_links":{"self":[{"href":"https:\/\/giurgiu-net.ro\/index.php\/wp-json\/wp\/v2\/posts\/63152","targetHints":{"allow":["GET"]}}],"collection":[{"href":"https:\/\/giurgiu-net.ro\/index.php\/wp-json\/wp\/v2\/posts"}],"about":[{"href":"https:\/\/giurgiu-net.ro\/index.php\/wp-json\/wp\/v2\/types\/post"}],"author":[{"embeddable":true,"href":"https:\/\/giurgiu-net.ro\/index.php\/wp-json\/wp\/v2\/users\/1"}],"replies":[{"embeddable":true,"href":"https:\/\/giurgiu-net.ro\/index.php\/wp-json\/wp\/v2\/comments?post=63152"}],"version-history":[{"count":0,"href":"https:\/\/giurgiu-net.ro\/index.php\/wp-json\/wp\/v2\/posts\/63152\/revisions"}],"wp:attachment":[{"href":"https:\/\/giurgiu-net.ro\/index.php\/wp-json\/wp\/v2\/media?parent=63152"}],"wp:term":[{"taxonomy":"category","embeddable":true,"href":"https:\/\/giurgiu-net.ro\/index.php\/wp-json\/wp\/v2\/categories?post=63152"},{"taxonomy":"post_tag","embeddable":true,"href":"https:\/\/giurgiu-net.ro\/index.php\/wp-json\/wp\/v2\/tags?post=63152"}],"curies":[{"name":"wp","href":"https:\/\/api.w.org\/{rel}","templated":true}]}}