{"id":62464,"date":"2018-09-03T09:40:04","date_gmt":"2018-09-03T06:40:04","guid":{"rendered":"http:\/\/giurgiu-net.ro\/?p=62464"},"modified":"2018-09-03T09:40:04","modified_gmt":"2018-09-03T06:40:04","slug":"vara-din-septembrie-cum-va-fi-vremea-la-giurgiu-in-urmatoarele-zile","status":"publish","type":"post","link":"https:\/\/giurgiu-net.ro\/index.php\/2018\/09\/03\/vara-din-septembrie-cum-va-fi-vremea-la-giurgiu-in-urmatoarele-zile\/","title":{"rendered":"Vara din septembrie. Cum va fi vremea, la Giurgiu, \u00een urm\u0103toarele zile?"},"content":{"rendered":"<p>&nbsp;<\/p>\n<p>Temperaturile se vor men\u0163ine destul de ridicate \u015fi la \u00eenceput de lun\u0103 septembrie, ia la Giurgiu maximele vor fi cuprinse, \u00een perioada urm\u0103toare, \u00eentre 28 \u015fi 32 de grade, scriu site-urile de specialitate.<\/p>\n<p><img loading=\"lazy\" decoding=\"async\" class=\"alignnone wp-image-62465 size-full\" src=\"https:\/\/giurgiu-net.ro\/wp-content\/uploads\/2018\/09\/sept.jpg\" alt=\"\" width=\"738\" height=\"556\" \/><\/p>\n<p><strong>ANM, prognoza meteo. Vremea \u00een 3 &#8211; 10 septembrie 2018<\/strong><!--more--><\/p>\n<p>Vremea va fi mai cald\u0103 dec\u00e2t \u00een mod normal \u00een aceast\u0103 perioad\u0103. Meteorologii anun\u021b\u0103 c\u0103 vom avea temperaturi care se vor situa peste norma climatologic\u0103 a s\u0103pt\u0103m\u00e2nii \u00een cea mai mare parte a \u021b\u0103rii, local mai ridicate \u00een nord-vest, centru \u0219i est.<\/p>\n<p>\u00cen schimb, vor fi precipita\u021bii abundente \u00een vest \u0219i sud-vest. \u00cen restul teritoriului, vor fi precipita\u021bii normale perioadei. Excep\u021bie pot face regiunile nord-estice, unde este posibil ca precipita\u021biile s\u0103\u00a0fie deficitare.<\/p>\n<p><strong>ANM, prognoza meteo. Vremea \u00een 10 \u00a0&#8211; 17 septembrie 2018<\/strong><\/p>\n<p>Temperatura aerului va avea valori apropiate de normalul climatologic al s\u0103pt\u0103m\u00e2nii. E posibil s\u0103 fie temperaturi chiar mai ridicate \u00een nord est \u0219i pe litoral.<\/p>\n<p>Precipita\u021biile vor fi \u00een general apropiate de normele perioadei ale intervalului local \u00een nordul \u0219i nord-estul \u021b\u0103rii. \u00cen sud \u0219i sud-est e posibil s\u0103 fie precipita\u021bii mai abundente.<\/p>\n<p><strong>ANM, prognoza meteo. Vremea \u00een 17 &#8211; 24 septembrie 2018<\/strong><\/p>\n<p>Temperatura aerului va avea valori apropiate de normalul perioadei, posibil u\u0219or mai ridicate \u00een nord \u0219i nord-vest. Precipita\u021biile pot fi u\u0219or excedentare \u00een zona de munte \u0219i-n vest, centru \u0219i est, \u00een restul teritoriului fiind apropiate de norma perioadei.<\/p>\n<p><strong>ANM, prognoza meteo. Vremea \u00een 24 septembrie &#8211; 1 octombrie 2018<\/strong><\/p>\n<p>Valorile termice medii se vor situa \u00een jurul normei climatologic\u0103 sau pot fi u\u0219or mai ridicate dec\u00e2t acestea \u00een special \u00een nord-vestul \u0219i centrul \u021b\u0103rii. Cantit\u0103\u021bile de precipita\u021bii vor fi \u00een general apropiate de normele climatologice ale intervalului \u00een majoritatea regiunilor.<\/p>\n<p>Surs\u0103: DCNews<\/p>\n","protected":false},"excerpt":{"rendered":"<p>&nbsp; Temperaturile se vor men\u0163ine destul de ridicate \u015fi la \u00eenceput de lun\u0103 septembrie, ia la Giurgiu maximele vor fi cuprinse, \u00een perioada urm\u0103toare, \u00eentre 28 \u015fi 32 de grade, scriu site-urile de specialitate. ANM, prognoza meteo. Vremea \u00een 3 &#8211; 10 septembrie 2018<\/p>\n","protected":false},"author":1,"featured_media":51533,"comment_status":"open","ping_status":"open","sticky":false,"template":"","format":"standard","meta":{"slim_seo":{"title":"Vara din septembrie. Cum va fi vremea, la Giurgiu, \u00een urm\u0103toarele zile? - GIURGIU NET","description":"&nbsp; Temperaturile se vor men\u0163ine destul de ridicate \u015fi la \u00eenceput de lun\u0103 septembrie, ia la Giurgiu maximele vor fi cuprinse, \u00een perioada urm\u0103toare, \u00eentre 28"},"footnotes":""},"categories":[18,26,28],"tags":[2789],"class_list":["post-62464","post","type-post","status-publish","format-standard","has-post-thumbnail","category-actual","category-soc","category-uo","tag-vremea"],"_links":{"self":[{"href":"https:\/\/giurgiu-net.ro\/index.php\/wp-json\/wp\/v2\/posts\/62464","targetHints":{"allow":["GET"]}}],"collection":[{"href":"https:\/\/giurgiu-net.ro\/index.php\/wp-json\/wp\/v2\/posts"}],"about":[{"href":"https:\/\/giurgiu-net.ro\/index.php\/wp-json\/wp\/v2\/types\/post"}],"author":[{"embeddable":true,"href":"https:\/\/giurgiu-net.ro\/index.php\/wp-json\/wp\/v2\/users\/1"}],"replies":[{"embeddable":true,"href":"https:\/\/giurgiu-net.ro\/index.php\/wp-json\/wp\/v2\/comments?post=62464"}],"version-history":[{"count":0,"href":"https:\/\/giurgiu-net.ro\/index.php\/wp-json\/wp\/v2\/posts\/62464\/revisions"}],"wp:featuredmedia":[{"embeddable":true,"href":"https:\/\/giurgiu-net.ro\/index.php\/wp-json\/wp\/v2\/media\/51533"}],"wp:attachment":[{"href":"https:\/\/giurgiu-net.ro\/index.php\/wp-json\/wp\/v2\/media?parent=62464"}],"wp:term":[{"taxonomy":"category","embeddable":true,"href":"https:\/\/giurgiu-net.ro\/index.php\/wp-json\/wp\/v2\/categories?post=62464"},{"taxonomy":"post_tag","embeddable":true,"href":"https:\/\/giurgiu-net.ro\/index.php\/wp-json\/wp\/v2\/tags?post=62464"}],"curies":[{"name":"wp","href":"https:\/\/api.w.org\/{rel}","templated":true}]}}