{"id":62134,"date":"2018-07-31T07:29:32","date_gmt":"2018-07-31T04:29:32","guid":{"rendered":"http:\/\/giurgiu-net.ro\/?p=62134"},"modified":"2018-07-31T07:29:32","modified_gmt":"2018-07-31T04:29:32","slug":"cum-va-fi-vremea-in-urmatoarele-zile-la-giurgiu","status":"publish","type":"post","link":"https:\/\/giurgiu-net.ro\/index.php\/2018\/07\/31\/cum-va-fi-vremea-in-urmatoarele-zile-la-giurgiu\/","title":{"rendered":"Cum va fi vremea, \u00een urm\u0103toarele zile, la Giurgiu?"},"content":{"rendered":"<p>Potrivit meteorologilor, nu sc\u0103p\u0103m de ploi nici azi \u015fi nici m\u00e2ine, miercuri, 1 august.<\/p>\n<p>Totu\u015fi, site-urile de specialitate arat\u0103 c\u0103, de joi \u015fi p\u00e2n\u0103 luni inclusiv, cerul va fi variabil, la Giurgiu, cu \u015fanse reduse de precipita\u0163ii.<\/p>\n<p>&nbsp;<\/p>\n<p>Maximele de azi \u015fi m\u00e2ine nu vor dep\u0103\u015fi 29 de grade, \u00een timp ce, \u00een zilele urm\u0103toare, mercurul din termometre va urca p\u00e2n\u0103 la 31 de grade Celsius.<\/p>\n<p><img loading=\"lazy\" decoding=\"async\" class=\"alignnone size-full wp-image-62135\" src=\"https:\/\/giurgiu-net.ro\/wp-content\/uploads\/2018\/07\/vremea-august.jpg\" alt=\"\" width=\"686\" height=\"506\" \/><\/p>\n","protected":false},"excerpt":{"rendered":"<p>Potrivit meteorologilor, nu sc\u0103p\u0103m de ploi nici azi \u015fi nici m\u00e2ine, miercuri, 1 august. Totu\u015fi, site-urile de specialitate arat\u0103 c\u0103, de joi \u015fi p\u00e2n\u0103 luni inclusiv, cerul va fi variabil, la Giurgiu, cu \u015fanse reduse de precipita\u0163ii. &nbsp; Maximele de azi \u015fi m\u00e2ine nu vor dep\u0103\u015fi 29 de grade, \u00een timp ce, \u00een zilele urm\u0103toare, [&hellip;]<\/p>\n","protected":false},"author":1,"featured_media":51533,"comment_status":"open","ping_status":"open","sticky":false,"template":"","format":"standard","meta":{"slim_seo":{"title":"Cum va fi vremea, \u00een urm\u0103toarele zile, la Giurgiu? - GIURGIU NET","description":"Potrivit meteorologilor, nu sc\u0103p\u0103m de ploi nici azi \u015fi nici m\u00e2ine, miercuri, 1 august. Totu\u015fi, site-urile de specialitate arat\u0103 c\u0103, de joi \u015fi p\u00e2n\u0103 luni inclusiv"},"footnotes":""},"categories":[18,26,28],"tags":[2789],"class_list":{"0":"post-62134","1":"post","2":"type-post","3":"status-publish","4":"format-standard","5":"has-post-thumbnail","7":"category-actual","8":"category-soc","9":"category-uo","10":"tag-vremea"},"_links":{"self":[{"href":"https:\/\/giurgiu-net.ro\/index.php\/wp-json\/wp\/v2\/posts\/62134","targetHints":{"allow":["GET"]}}],"collection":[{"href":"https:\/\/giurgiu-net.ro\/index.php\/wp-json\/wp\/v2\/posts"}],"about":[{"href":"https:\/\/giurgiu-net.ro\/index.php\/wp-json\/wp\/v2\/types\/post"}],"author":[{"embeddable":true,"href":"https:\/\/giurgiu-net.ro\/index.php\/wp-json\/wp\/v2\/users\/1"}],"replies":[{"embeddable":true,"href":"https:\/\/giurgiu-net.ro\/index.php\/wp-json\/wp\/v2\/comments?post=62134"}],"version-history":[{"count":0,"href":"https:\/\/giurgiu-net.ro\/index.php\/wp-json\/wp\/v2\/posts\/62134\/revisions"}],"wp:featuredmedia":[{"embeddable":true,"href":"https:\/\/giurgiu-net.ro\/index.php\/wp-json\/wp\/v2\/media\/51533"}],"wp:attachment":[{"href":"https:\/\/giurgiu-net.ro\/index.php\/wp-json\/wp\/v2\/media?parent=62134"}],"wp:term":[{"taxonomy":"category","embeddable":true,"href":"https:\/\/giurgiu-net.ro\/index.php\/wp-json\/wp\/v2\/categories?post=62134"},{"taxonomy":"post_tag","embeddable":true,"href":"https:\/\/giurgiu-net.ro\/index.php\/wp-json\/wp\/v2\/tags?post=62134"}],"curies":[{"name":"wp","href":"https:\/\/api.w.org\/{rel}","templated":true}]}}