{"id":62121,"date":"2018-07-23T15:22:41","date_gmt":"2018-07-23T12:22:41","guid":{"rendered":"http:\/\/giurgiu-net.ro\/?p=62121"},"modified":"2018-07-23T15:22:41","modified_gmt":"2018-07-23T12:22:41","slug":"spatiu-modern-pentru-mentenanta-ambulantelor-de-la-giurgiu","status":"publish","type":"post","link":"https:\/\/giurgiu-net.ro\/index.php\/2018\/07\/23\/spatiu-modern-pentru-mentenanta-ambulantelor-de-la-giurgiu\/","title":{"rendered":"Spa\u0163iu modern pentru mentenan\u0163a ambulan\u0163elor de la Giurgiu"},"content":{"rendered":"<p><img loading=\"lazy\" decoding=\"async\" class=\"alignnone size-full wp-image-62122\" src=\"https:\/\/giurgiu-net.ro\/wp-content\/uploads\/2018\/07\/after-amb.jpg\" alt=\"\" width=\"585\" height=\"292\" \/> <img loading=\"lazy\" decoding=\"async\" class=\"alignnone size-full wp-image-62123\" src=\"https:\/\/giurgiu-net.ro\/wp-content\/uploads\/2018\/07\/before-amb.jpg\" alt=\"\" width=\"600\" height=\"600\" \/><\/p>\n<p>&#8221;\u00a0Ma\u015finile Serviciului Jude\u0163ean de Ambulan\u0163\u0103(SJA) Giurgiu, \u00een mentenan\u0163\u0103, \u00eentr-un spa\u0163iu modern!<\/p>\n<p>Consiliul Jude\u0163ean Giurgiu a asigurat fondurile necesare reabilit\u0103rii unui fost atelier auto ce va deservi, de acum, parcul auto de ambulan\u0163e ale SJA Giurgiu. Pute\u0163i observa, \u00een imaginile de mai jos, cum ar\u0103ta locul \u00eenainte de modernizare \u015fi cum arat\u0103 acum, dup\u0103 lucr\u0103ri!<\/p>\n<p>Cu respect \u015fi apreciere, recomand conducerii Ambulan\u0163ei Giurgiu s\u0103 utilizeze cu responsabilitate acest nou \u201catelier auto\u201d, destinat \u00eentre\u0163inerii ma\u015finilor SJA&#8221;, anun\u0163\u0103 pre\u015fedintele COnsiliului Jude\u0163ean Giurgiu, Marian Mina, pe Facebook.<\/p>\n","protected":false},"excerpt":{"rendered":"<p>&#8221;\u00a0Ma\u015finile Serviciului Jude\u0163ean de Ambulan\u0163\u0103(SJA) Giurgiu, \u00een mentenan\u0163\u0103, \u00eentr-un spa\u0163iu modern! Consiliul Jude\u0163ean Giurgiu a asigurat fondurile necesare reabilit\u0103rii unui fost atelier auto ce va deservi, de acum, parcul auto de ambulan\u0163e ale SJA Giurgiu. Pute\u0163i observa, \u00een imaginile de mai jos, cum ar\u0103ta locul \u00eenainte de modernizare \u015fi cum arat\u0103 acum, dup\u0103 lucr\u0103ri! Cu [&hellip;]<\/p>\n","protected":false},"author":1,"featured_media":62122,"comment_status":"open","ping_status":"open","sticky":false,"template":"","format":"standard","meta":{"slim_seo":{"title":"Spa\u0163iu modern pentru mentenan\u0163a ambulan\u0163elor de la Giurgiu - GIURGIU NET","description":"\"\u00a0Ma\u015finile Serviciului Jude\u0163ean de Ambulan\u0163\u0103(SJA) Giurgiu, \u00een mentenan\u0163\u0103, \u00eentr-un spa\u0163iu modern! Consiliul Jude\u0163ean Giurgiu a asigurat fondurile necesare reabil"},"footnotes":""},"categories":[18,19,26,28],"tags":[1718],"class_list":{"0":"post-62121","1":"post","2":"type-post","3":"status-publish","4":"format-standard","5":"has-post-thumbnail","7":"category-actual","8":"category-adm","9":"category-soc","10":"category-uo","11":"tag-mina"},"_links":{"self":[{"href":"https:\/\/giurgiu-net.ro\/index.php\/wp-json\/wp\/v2\/posts\/62121","targetHints":{"allow":["GET"]}}],"collection":[{"href":"https:\/\/giurgiu-net.ro\/index.php\/wp-json\/wp\/v2\/posts"}],"about":[{"href":"https:\/\/giurgiu-net.ro\/index.php\/wp-json\/wp\/v2\/types\/post"}],"author":[{"embeddable":true,"href":"https:\/\/giurgiu-net.ro\/index.php\/wp-json\/wp\/v2\/users\/1"}],"replies":[{"embeddable":true,"href":"https:\/\/giurgiu-net.ro\/index.php\/wp-json\/wp\/v2\/comments?post=62121"}],"version-history":[{"count":0,"href":"https:\/\/giurgiu-net.ro\/index.php\/wp-json\/wp\/v2\/posts\/62121\/revisions"}],"wp:featuredmedia":[{"embeddable":true,"href":"https:\/\/giurgiu-net.ro\/index.php\/wp-json\/"}],"wp:attachment":[{"href":"https:\/\/giurgiu-net.ro\/index.php\/wp-json\/wp\/v2\/media?parent=62121"}],"wp:term":[{"taxonomy":"category","embeddable":true,"href":"https:\/\/giurgiu-net.ro\/index.php\/wp-json\/wp\/v2\/categories?post=62121"},{"taxonomy":"post_tag","embeddable":true,"href":"https:\/\/giurgiu-net.ro\/index.php\/wp-json\/wp\/v2\/tags?post=62121"}],"curies":[{"name":"wp","href":"https:\/\/api.w.org\/{rel}","templated":true}]}}