{"id":62089,"date":"2018-07-23T11:44:31","date_gmt":"2018-07-23T08:44:31","guid":{"rendered":"http:\/\/giurgiu-net.ro\/?p=62089"},"modified":"2018-07-23T11:44:31","modified_gmt":"2018-07-23T08:44:31","slug":"galerie-foto-asfalt-pe-dj-401-si-412-la-varasti","status":"publish","type":"post","link":"https:\/\/giurgiu-net.ro\/index.php\/2018\/07\/23\/galerie-foto-asfalt-pe-dj-401-si-412-la-varasti\/","title":{"rendered":"GALERIE FOTO: Asfalt pe DJ 401 \u015fi 412, la V\u0103r\u0103\u015fti"},"content":{"rendered":"<p>Pre\u015fedintele Consiliului Jude\u0163ean Giurgiu, Marian Mina, a postat, pe pagina sa de Facebook, \u00een urm\u0103 cu c\u00e2teva momente, fotografii de la lucr\u0103rile efectuate sau \u00een plin\u0103 desf\u0103\u015furare, de pe dou\u0103 drumuri jude\u0163ene.<!--more--><\/p>\n<p>&#8222;Am mers, ast\u0103zi, pe Drumul Jude\u0163ean 401, unde se toarn\u0103 asfalt, pe o lungime de 3 kilometri, \u00eentre V\u0103r\u0103\u015fti \u015fi Dobreni. Lucr\u0103rile sunt finan\u0163ate din bugetul propriu al Consiliului Jude\u0163ean Giurgiu \u015fi sunt mul\u0163umit de calitatea \u015fi de ritmul acestora.<\/p>\n\n<p>Tot ast\u0103zi, am participat la recep\u0163ia lucr\u0103rilor de reabilitare \u015fi modernizare a Drumului Jude\u0163ean 412, la V\u0103r\u0103\u015fti, investi\u0163ie realizat\u0103, de asemenea, cu fonduri din bugetul propriu al CJ Giurgiu.<\/p>\n\n<div class=\"text_exposed_show\">\n<p>Le mul\u0163umesc \u015fi \u00eei felicit pe colegii mei din echipele de proiecte, dar \u015fi pe cei care execut\u0103 lucr\u0103rile!&#8221;, scrie Marian Mina, pe Facebook.<\/p>\n<\/div>\n","protected":false},"excerpt":{"rendered":"<p>Pre\u015fedintele Consiliului Jude\u0163ean Giurgiu, Marian Mina, a postat, pe pagina sa de Facebook, \u00een urm\u0103 cu c\u00e2teva momente, fotografii de la lucr\u0103rile efectuate sau \u00een plin\u0103 desf\u0103\u015furare, de pe dou\u0103 drumuri jude\u0163ene.<\/p>\n","protected":false},"author":1,"featured_media":62118,"comment_status":"open","ping_status":"open","sticky":false,"template":"","format":"standard","meta":{"slim_seo":{"title":"GALERIE FOTO: Asfalt pe DJ 401 \u015fi 412, la V\u0103r\u0103\u015fti - GIURGIU NET","description":"Pre\u015fedintele Consiliului Jude\u0163ean Giurgiu, Marian Mina, a postat, pe pagina sa de Facebook, \u00een urm\u0103 cu c\u00e2teva momente, fotografii de la lucr\u0103rile efectuate sau"},"footnotes":""},"categories":[18,19,26,28],"tags":[606,1718],"class_list":{"0":"post-62089","1":"post","2":"type-post","3":"status-publish","4":"format-standard","5":"has-post-thumbnail","7":"category-actual","8":"category-adm","9":"category-soc","10":"category-uo","11":"tag-cj-giurgiu","12":"tag-mina"},"_links":{"self":[{"href":"https:\/\/giurgiu-net.ro\/index.php\/wp-json\/wp\/v2\/posts\/62089","targetHints":{"allow":["GET"]}}],"collection":[{"href":"https:\/\/giurgiu-net.ro\/index.php\/wp-json\/wp\/v2\/posts"}],"about":[{"href":"https:\/\/giurgiu-net.ro\/index.php\/wp-json\/wp\/v2\/types\/post"}],"author":[{"embeddable":true,"href":"https:\/\/giurgiu-net.ro\/index.php\/wp-json\/wp\/v2\/users\/1"}],"replies":[{"embeddable":true,"href":"https:\/\/giurgiu-net.ro\/index.php\/wp-json\/wp\/v2\/comments?post=62089"}],"version-history":[{"count":0,"href":"https:\/\/giurgiu-net.ro\/index.php\/wp-json\/wp\/v2\/posts\/62089\/revisions"}],"wp:featuredmedia":[{"embeddable":true,"href":"https:\/\/giurgiu-net.ro\/index.php\/wp-json\/"}],"wp:attachment":[{"href":"https:\/\/giurgiu-net.ro\/index.php\/wp-json\/wp\/v2\/media?parent=62089"}],"wp:term":[{"taxonomy":"category","embeddable":true,"href":"https:\/\/giurgiu-net.ro\/index.php\/wp-json\/wp\/v2\/categories?post=62089"},{"taxonomy":"post_tag","embeddable":true,"href":"https:\/\/giurgiu-net.ro\/index.php\/wp-json\/wp\/v2\/tags?post=62089"}],"curies":[{"name":"wp","href":"https:\/\/api.w.org\/{rel}","templated":true}]}}