{"id":62058,"date":"2018-07-19T16:03:36","date_gmt":"2018-07-19T13:03:36","guid":{"rendered":"http:\/\/giurgiu-net.ro\/?p=62058"},"modified":"2018-07-19T16:03:36","modified_gmt":"2018-07-19T13:03:36","slug":"marian-mina-acest-rebut-politic-cu-un-comportament-de-interlop-marin-anton-minte-cum-respira","status":"publish","type":"post","link":"https:\/\/giurgiu-net.ro\/index.php\/2018\/07\/19\/marian-mina-acest-rebut-politic-cu-un-comportament-de-interlop-marin-anton-minte-cum-respira\/","title":{"rendered":"Marian Mina: \u201cAcest rebut politic, cu un comportament de interlop, Marin Anton minte precum respir\u0103!\u201d"},"content":{"rendered":"<p>Pre\u015fedintele PSD Giurgiu, Marian Mina, \u015fi primarul comunei Comana, Aurel Enache, au participat joi, 19 iulie, la conferin\u0163a de pres\u0103 a PSD Giurgiu \u015fi au adus l\u0103muriri pe tema scandalului \u00een care a fost implicat un \u015fofer al uneia dintre firmele \u015fefului PNL Giurgiu, Marin Anton.<!--more--><\/p>\n<p>Marian Mina a criticat dur declara\u0163iile de ieri ale lui Anton pe aceast\u0103 tem\u0103 \u015fi \u00eel acuz\u0103 c\u0103 minte.<\/p>\n<p><img loading=\"lazy\" decoding=\"async\" class=\"alignnone size-full wp-image-62070\" src=\"https:\/\/giurgiu-net.ro\/wp-content\/uploads\/2018\/07\/DSC_0174.jpg\" alt=\"\" width=\"800\" height=\"530\" \/><\/p>\n<p><em>&#8222;Am observat c\u0103, \u00een ultima vreme, m\u0103 &lt;&lt;bucur&gt;&gt;, al\u0103turi de domnul senator B\u0103d\u0103l\u0103u, de tot felul de\u2026 epitete din partea domnului Marin Anton. Ne face prostovani \u015fi a\u015fa mai departe. Domnul Anton a r\u0103mas, din p\u0103cate pentru dumnealui, la filmul <strong><u>O floare \u015fi doi gr\u0103dinari<\/u><\/strong>. E r\u0103mas mult \u00een trecut \u015fi nu \u00een\u0163elege c\u0103 lumea a evoluat. Nu sunt homofob, \u00eens\u0103, urm\u0103rind conferin\u0163a de pres\u0103 de ieri a PNL Giurgiu, mi s-a p\u0103rut c\u0103 e una a LGBT. \u015ei chiar I se vedea &lt;&lt; sutienul&gt;&gt; domnului Anton, zicea bine domnul Ionel Dinu. Referitor la scandalul de s\u0103pt\u0103m\u00e2na trecut\u0103, \u00een primul r\u00e2nd, doresc s\u0103 precizez c\u0103, potrivit Ordonan\u0163ei de Guvern nr. 43\/1997<\/em><em> privind regimul drumurilor, Direc\u0163ia Jude\u0163ean\u0103 de Transport are tot dreptul s\u0103 c\u00e2nt\u0103reasc\u0103 toate autovehiculele care transport\u0103 marf\u0103 \u015fi circul\u0103 pe drumurile jude\u0163ene. Ma\u015finile domnului Anton au dep\u0103\u015fit cu peste 10 tone masa maxim\u0103 admis\u0103 pe o asemenea categorie de drumuri. \u00cen Ordonan\u0163a men\u0163ionat\u0103 se precizeaz\u0103 clar tonajul maxim cu care este voie s\u0103 se circule pe un drum jude\u0163ean. <strong>Bonul de c\u00e2ntar de care tot zice dumnealui nu are absolut nicio leg\u0103tur\u0103 cu tonajul<\/strong>.\u201d,<\/em> a spus Mina.<\/p>\n<p><strong>CLICK PE IMAGINI PENTRU A LE M\u0102RI!<\/strong><\/p>\n\n<p>El a precizat c\u0103, ce-i drept, <strong>conform Legii 108<\/strong><strong> din 2014<\/strong>, pe care nu a dat-o Petre Daea(apropo!), are voie s\u0103 circule f\u0103r\u0103 acest bon, dar nu are dreptul s\u0103 dep\u0103\u015feasc\u0103 masa maxim\u0103 admis\u0103. Sau, dac\u0103 o face, pl\u0103te\u015fte amend\u0103.<\/p>\n<p><strong>CLICK PE IMAGINI PENTRU A LE M\u0102RI!<\/strong><\/p>\n\n<p><em>\u201eColegii mei de la Direc\u0163ia Jude\u0163ean\u0103 de Transport \u015fi-au f\u0103cut meseria, conform legii, nu a existat niciun abuz acolo \u015fi condamn ferm atitudinea \u015foferului care a vrut s\u0103 dea cu ma\u015fina peste angaja\u0163ii institu\u0163iei men\u0163ionate! Consider \u015fi c\u0103 domnul Anton, v\u0103taf \u00een zona respectiv\u0103 \u015fi pe care nimeni nu l-a verificat p\u00e2n\u0103 acum, a avut un comportament de interlop, l-a amenin\u0163at pe directorul de la DJT c\u0103 o s\u0103 vin\u0103 PNL la Guvernare \u015fi o s\u0103 vad\u0103 el atunci. \u00cen aceste condi\u0163ii, \u00eel rog s\u0103 \u00ee\u015fi aminteasc\u0103 faptul c\u0103 Rom\u00e2nia nu mai este condus\u0103 de Udrea \u015fi Bica \u015fi c\u0103 trebuie s\u0103 respecte legea! Nu a\u015fa se comport\u0103 un pre\u015fedinte de partid, care ar trebui s\u0103 fie un exemplu! Domnul Anton a spus \u00een conferin\u0163\u0103 de pres\u0103 \u015fi c\u0103 nu a primit procesul verbal. Sigur c\u0103 nu, este un bou, pentru c\u0103 nici nu l-a semnat. Minte precum respir\u0103. Nici amenda nu a fost \u00een euro, cum a zis dumnealui, ci \u00een lei, dar, oricum, cred c\u0103 are de unde s-o pl\u0103teasc\u0103. Doar e cercetat pentru c\u0103 ar fi luat mit\u0103 5 milioane de euro&#8230;\u201d<\/em>, a mai declarat Marian Mina.<\/p>\n<p>Pre\u015fedintele PSD Giurgiu i-a amintit lui Anton \u015fi c\u0103 <em><strong>exist\u0103 firme care au eliberate autoriza\u0163ii speciale pentru transporturi ce dep\u0103\u015fesc masa maxim\u0103 admis\u0103, iar cei de la DJT Giurgiu au dat zeci de amenzi pe aceast\u0103 spe\u0163\u0103, deci nu a fost un caz singular, cum sus\u0163ine pre\u015fedintele PNL Giurgiu.<\/strong><\/em><\/p>\n<p><em>\u201eAcest rebut politic, cu un comportament de interlop, a lansat o alt\u0103 minciun\u0103, aceea c\u0103 ar fi vorbit cu primarul Aurel Enache la telefon \u015fi c\u0103 acesta i-ar fi spus c\u0103 eu a\u015f fi \u201ecomandat\u201d controlul. Domnul Enache spune c\u0103 ultima oar\u0103 c\u00e2nd a vorbit cu Marin Anton a fost \u00een urm\u0103 cu un an\u201d<\/em>, a subliniat pre\u015fedintele PSD Giurgiu.<\/p>\n<p>La r\u00e2ndul s\u0103u, <strong>Aurel Enache a confirmat acest fapt<\/strong>. <em>\u201eCu domnul Anton am vorbit ultima oar\u0103 \u00een septembrie, anul trecut, \u00eenainte de nunta fiului meu. Chiar nu \u00een\u0163eleg de ce sunt t\u00e2r\u00e2t \u00een scandalul acesta. Nu m-a sunat nici s\u0103 intervin, nici s\u0103-i dau nu \u015ftiu ce informa\u0163ie&#8230; Minciuni gogonate\u201d,<\/em> a zis Enache.<\/p>\n<p><img loading=\"lazy\" decoding=\"async\" class=\"alignnone size-full wp-image-62072\" src=\"https:\/\/giurgiu-net.ro\/wp-content\/uploads\/2018\/07\/DSC_0166.jpg\" alt=\"\" width=\"800\" height=\"530\" \/><\/p>\n<p>Primarul de la Comana a spus \u015fi c\u0103, potrivit legii, firmele din domeniul agriculturii \u015fi care, evident, transport\u0103 m\u0103rfuri pe drumuri jude\u0163ene sau na\u0163ionale sunt obligate s\u0103 aib\u0103 c\u00e2ntar \u201e\u00een c\u00e2mp\u201d. <em>\u201eO c\u00e2nt\u0103rire trebuie s\u0103 faci, cum altfel? Adic\u0103 nu po\u0163i s\u0103 transpor\u0163i, a\u015fa, f\u0103r\u0103 s\u0103 \u015ftii c\u00e2t sau ce le zici oamenilor legii, la controale!\u201d<\/em>, a mai spus Aurel Enache.<\/p>\n<p>V\u0103 reamintim c\u0103, weekendul trecut, Giurgiu &#8222;d\u0103dea&#8221; presei na\u0163ionale un nou scandal. Un \u015fofer al uneia dintre firmele lui Marin Anton, oprit la control(transporta gr\u00e2u) de c\u0103tre angaja\u0163ii Direc\u0163iei Jude\u0163ene de Transport Giurgiu a vrut s\u0103 dea cu ma\u015fina peste ei, sus\u0163in angaja\u0163ii respectivi care au \u015fi filmat incindentul.\u00a0Transportul cu pricina dep\u0103\u015fea cu vreo 10 tone masa maxim\u0103 admis\u0103 pe un drum jude\u0163ean.<\/p>\n<p>\u015eTIREA, AICI:\u00a0<a href=\"https:\/\/giurgiu-net.ro\/archives\/61999\" target=\"_blank\" rel=\"noopener\">https:\/\/giurgiu-net.ro\/archives\/61999<\/a><\/p>\n","protected":false},"excerpt":{"rendered":"<p>Pre\u015fedintele PSD Giurgiu, Marian Mina, \u015fi primarul comunei Comana, Aurel Enache, au participat joi, 19 iulie, la conferin\u0163a de pres\u0103 a PSD Giurgiu \u015fi au adus l\u0103muriri pe tema scandalului \u00een care a fost implicat un \u015fofer al uneia dintre firmele \u015fefului PNL Giurgiu, Marin Anton.<\/p>\n","protected":false},"author":1,"featured_media":62066,"comment_status":"open","ping_status":"open","sticky":false,"template":"","format":"standard","meta":{"slim_seo":{"title":"Marian Mina: \u201cAcest rebut politic, cu un comportament de interlop, Marin Anton minte precum respir\u0103!\u201d - GIURGIU NET","description":"Pre\u015fedintele PSD Giurgiu, Marian Mina, \u015fi primarul comunei Comana, Aurel Enache, au participat joi, 19 iulie, la conferin\u0163a de pres\u0103 a PSD Giurgiu \u015fi au adus l\u0103"},"footnotes":""},"categories":[18,19,25,26,28],"tags":[293,1626,1634],"class_list":{"0":"post-62058","1":"post","2":"type-post","3":"status-publish","4":"format-standard","5":"has-post-thumbnail","7":"category-actual","8":"category-adm","9":"category-pol","10":"category-soc","11":"category-uo","12":"tag-aurel-enache","13":"tag-marian-mina","14":"tag-marin-anton"},"_links":{"self":[{"href":"https:\/\/giurgiu-net.ro\/index.php\/wp-json\/wp\/v2\/posts\/62058","targetHints":{"allow":["GET"]}}],"collection":[{"href":"https:\/\/giurgiu-net.ro\/index.php\/wp-json\/wp\/v2\/posts"}],"about":[{"href":"https:\/\/giurgiu-net.ro\/index.php\/wp-json\/wp\/v2\/types\/post"}],"author":[{"embeddable":true,"href":"https:\/\/giurgiu-net.ro\/index.php\/wp-json\/wp\/v2\/users\/1"}],"replies":[{"embeddable":true,"href":"https:\/\/giurgiu-net.ro\/index.php\/wp-json\/wp\/v2\/comments?post=62058"}],"version-history":[{"count":0,"href":"https:\/\/giurgiu-net.ro\/index.php\/wp-json\/wp\/v2\/posts\/62058\/revisions"}],"wp:featuredmedia":[{"embeddable":true,"href":"https:\/\/giurgiu-net.ro\/index.php\/wp-json\/"}],"wp:attachment":[{"href":"https:\/\/giurgiu-net.ro\/index.php\/wp-json\/wp\/v2\/media?parent=62058"}],"wp:term":[{"taxonomy":"category","embeddable":true,"href":"https:\/\/giurgiu-net.ro\/index.php\/wp-json\/wp\/v2\/categories?post=62058"},{"taxonomy":"post_tag","embeddable":true,"href":"https:\/\/giurgiu-net.ro\/index.php\/wp-json\/wp\/v2\/tags?post=62058"}],"curies":[{"name":"wp","href":"https:\/\/api.w.org\/{rel}","templated":true}]}}