{"id":62049,"date":"2018-07-19T14:44:21","date_gmt":"2018-07-19T11:44:21","guid":{"rendered":"http:\/\/giurgiu-net.ro\/?p=62049"},"modified":"2018-07-19T14:44:21","modified_gmt":"2018-07-19T11:44:21","slug":"presedintele-cj-giurgiu-ma-bucur-ca-avem-un-nou-oncolog-chiar-din-giurgiu-mult-succes-in-activitate","status":"publish","type":"post","link":"https:\/\/giurgiu-net.ro\/index.php\/2018\/07\/19\/presedintele-cj-giurgiu-ma-bucur-ca-avem-un-nou-oncolog-chiar-din-giurgiu-mult-succes-in-activitate\/","title":{"rendered":"Pre\u015fedintele CJ Giurgiu: &#8222;M\u0103 bucur c\u0103 avem un nou oncolog chiar din Giurgiu. Mult succes \u00een activitate!&#8221;"},"content":{"rendered":"<p><!--more-->Marian Mina, pre\u015fedintele Consiliului Jude\u0163ean Giurgiu, a mers, ast\u0103zi, joi, 19 iulie, la Spitalul Jude\u0163ean de Urgen\u0163\u0103 Giurgiu, \u00eentr-o vizit\u0103 de lucru.<\/p>\n<p>Cu aceast\u0103 ocazie, Mina a stat de vorb\u0103 \u015fi cu noul medic oncolog al unit\u0103\u0163ii sanitare.<\/p>\n<p><em>&#8222;Am avut pl\u0103cerea s\u0103 o cunosc personal, ast\u0103zi, pe doamna doctor Alina C\u0103t\u0103lina Bratu, noul medic specialist \u00een oncologie al Spitalului Jude\u0163ean de Urgen\u0163\u0103 Giurgiu.<\/em><\/p>\n<p><em>M\u0103 bucur c\u0103 a promovat examenul o giurgiuveanc\u0103 \u015fi \u00eei doresc mult succes \u00een activitate!<\/em><\/p>\n<p><em>Totodat\u0103, doamna manager a SJU Giurgiu, Mihaela Ra\u0163\u0103, mi-a transmis c\u0103, \u00een urm\u0103toarea perioad\u0103, vor veni s\u0103 lucreze la spitalul nostru \u015fi al\u0163i medici speciali\u015fti. \u00cei a\u015ftept\u0103m \u015fi vom face tot ce este posibil pentru a le oferi sprijin ca s\u0103 \u00ee\u015fi desf\u0103\u015foare activitatea \u00een condi\u0163ii optime!&#8221;<\/em>, a transmis, pe Facebook, Marian Mina.<\/p>\n\n","protected":false},"excerpt":{"rendered":"","protected":false},"author":1,"featured_media":62056,"comment_status":"open","ping_status":"open","sticky":false,"template":"","format":"standard","meta":{"slim_seo":{"title":"Pre\u015fedintele CJ Giurgiu: \"M\u0103 bucur c\u0103 avem un nou oncolog chiar din Giurgiu. Mult succes \u00een activitate!\" - GIURGIU NET","description":"Marian Mina, pre\u015fedintele Consiliului Jude\u0163ean Giurgiu, a mers, ast\u0103zi, joi, 19 iulie, la Spitalul Jude\u0163ean de Urgen\u0163\u0103 Giurgiu, \u00eentr-o vizit\u0103 de lucru. Cu aceas"},"footnotes":""},"categories":[18,19,26,28],"tags":[1626,2494],"class_list":{"0":"post-62049","1":"post","2":"type-post","3":"status-publish","4":"format-standard","5":"has-post-thumbnail","7":"category-actual","8":"category-adm","9":"category-soc","10":"category-uo","11":"tag-marian-mina","12":"tag-sju-giurgiu"},"_links":{"self":[{"href":"https:\/\/giurgiu-net.ro\/index.php\/wp-json\/wp\/v2\/posts\/62049","targetHints":{"allow":["GET"]}}],"collection":[{"href":"https:\/\/giurgiu-net.ro\/index.php\/wp-json\/wp\/v2\/posts"}],"about":[{"href":"https:\/\/giurgiu-net.ro\/index.php\/wp-json\/wp\/v2\/types\/post"}],"author":[{"embeddable":true,"href":"https:\/\/giurgiu-net.ro\/index.php\/wp-json\/wp\/v2\/users\/1"}],"replies":[{"embeddable":true,"href":"https:\/\/giurgiu-net.ro\/index.php\/wp-json\/wp\/v2\/comments?post=62049"}],"version-history":[{"count":0,"href":"https:\/\/giurgiu-net.ro\/index.php\/wp-json\/wp\/v2\/posts\/62049\/revisions"}],"wp:featuredmedia":[{"embeddable":true,"href":"https:\/\/giurgiu-net.ro\/index.php\/wp-json\/"}],"wp:attachment":[{"href":"https:\/\/giurgiu-net.ro\/index.php\/wp-json\/wp\/v2\/media?parent=62049"}],"wp:term":[{"taxonomy":"category","embeddable":true,"href":"https:\/\/giurgiu-net.ro\/index.php\/wp-json\/wp\/v2\/categories?post=62049"},{"taxonomy":"post_tag","embeddable":true,"href":"https:\/\/giurgiu-net.ro\/index.php\/wp-json\/wp\/v2\/tags?post=62049"}],"curies":[{"name":"wp","href":"https:\/\/api.w.org\/{rel}","templated":true}]}}