{"id":61050,"date":"2018-05-27T08:27:58","date_gmt":"2018-05-27T05:27:58","guid":{"rendered":"http:\/\/giurgiu-net.ro\/?p=61050"},"modified":"2018-05-27T08:27:58","modified_gmt":"2018-05-27T05:27:58","slug":"giurgiuvean-retinut-dupa-ce-si-a-agresat-sotia","status":"publish","type":"post","link":"https:\/\/giurgiu-net.ro\/index.php\/2018\/05\/27\/giurgiuvean-retinut-dupa-ce-si-a-agresat-sotia\/","title":{"rendered":"Giurgiuvean, re\u0163inut dup\u0103 ce \u015fi-a agresat so\u0163ia"},"content":{"rendered":"<p><strong>\u00a0<\/strong><\/p>\n<p><strong><em>Un b\u0103rbat a fost arestat preventiv, dup\u0103 ce \u00een repetate r\u00e2nduri a s\u0103v\u00e2r\u0219it acte de violen\u021b\u0103 \u00een familie.<\/em><\/strong><!--more--><\/p>\n<p><strong>\u00a0<\/strong><\/p>\n<p>Poli\u021bi\u0219tii giurgiuveni au fost sesiza\u021bi joi, 24 mai a.c., c\u0103 un b\u0103rbat, de 45 de ani, din comuna Buc\u0219ani, jude\u021bul Giurgiu exercit\u0103 asupra so\u021biei acte de violen\u021b\u0103 \u0219i amenin\u021b\u0103ri.<\/p>\n<p>\u00cen urma cercet\u0103rilor efectuate poli\u021bi\u0219tii au stabilit c\u0103 b\u0103rbatul nu este la prima sesizare, acesta fiind cercetat \u0219i \u00een alte dosare sub aspectul s\u0103v\u00e2r\u0219irii infrac\u021biunilor de violen\u021b\u0103 \u00een familie \u0219i amenin\u021bare.<\/p>\n<p>\u00centruc\u00e2t exista premisa ca persoana cercetat\u0103 s\u0103 pun\u0103 \u00een aplicare actele de amenin\u021bare, poli\u021bi\u0219tii giurgiuveni l-au re\u021binut pentru o perioad\u0103 de 24 de ore \u0219i l-au prezentat la Parchetul de pe l\u00e2ng\u0103 Judec\u0103toria Bolintin Vale, care \u00een prim\u0103 faza a \u00eenaintat Judec\u0103toriei Bolintin Vale propunerea de instituire a controlului judiciar \u0219i ulterior fa\u021b\u0103 de acesta s-a dispus m\u0103sura arest\u0103rii preventive.<\/p>\n<p>IPJ Giurgiu<\/p>\n","protected":false},"excerpt":{"rendered":"<p>\u00a0 Un b\u0103rbat a fost arestat preventiv, dup\u0103 ce \u00een repetate r\u00e2nduri a s\u0103v\u00e2r\u0219it acte de violen\u021b\u0103 \u00een familie.<\/p>\n","protected":false},"author":1,"featured_media":58175,"comment_status":"open","ping_status":"open","sticky":false,"template":"","format":"standard","meta":{"slim_seo":{"title":"Giurgiuvean, re\u0163inut dup\u0103 ce \u015fi-a agresat so\u0163ia - GIURGIU NET","description":"\u00a0 Un b\u0103rbat a fost arestat preventiv, dup\u0103 ce \u00een repetate r\u00e2nduri a s\u0103v\u00e2r\u0219it acte de violen\u021b\u0103 \u00een familie. \u00a0 Poli\u021bi\u0219tii giurgiuveni au fost sesiza\u021bi joi, 24 mai"},"footnotes":""},"categories":[18,26,28],"tags":[2055],"class_list":["post-61050","post","type-post","status-publish","format-standard","has-post-thumbnail","category-actual","category-soc","category-uo","tag-politia-giurgiu"],"_links":{"self":[{"href":"https:\/\/giurgiu-net.ro\/index.php\/wp-json\/wp\/v2\/posts\/61050","targetHints":{"allow":["GET"]}}],"collection":[{"href":"https:\/\/giurgiu-net.ro\/index.php\/wp-json\/wp\/v2\/posts"}],"about":[{"href":"https:\/\/giurgiu-net.ro\/index.php\/wp-json\/wp\/v2\/types\/post"}],"author":[{"embeddable":true,"href":"https:\/\/giurgiu-net.ro\/index.php\/wp-json\/wp\/v2\/users\/1"}],"replies":[{"embeddable":true,"href":"https:\/\/giurgiu-net.ro\/index.php\/wp-json\/wp\/v2\/comments?post=61050"}],"version-history":[{"count":0,"href":"https:\/\/giurgiu-net.ro\/index.php\/wp-json\/wp\/v2\/posts\/61050\/revisions"}],"wp:attachment":[{"href":"https:\/\/giurgiu-net.ro\/index.php\/wp-json\/wp\/v2\/media?parent=61050"}],"wp:term":[{"taxonomy":"category","embeddable":true,"href":"https:\/\/giurgiu-net.ro\/index.php\/wp-json\/wp\/v2\/categories?post=61050"},{"taxonomy":"post_tag","embeddable":true,"href":"https:\/\/giurgiu-net.ro\/index.php\/wp-json\/wp\/v2\/tags?post=61050"}],"curies":[{"name":"wp","href":"https:\/\/api.w.org\/{rel}","templated":true}]}}