{"id":59978,"date":"2018-04-19T19:58:17","date_gmt":"2018-04-19T16:58:17","guid":{"rendered":"http:\/\/giurgiu-net.ro\/?p=59978"},"modified":"2018-04-19T19:58:17","modified_gmt":"2018-04-19T16:58:17","slug":"lobby-pentru-fosta-prefectura-cladirile-din-vama-si-spitalul-judetean-de-urgenta-giurgiu","status":"publish","type":"post","link":"https:\/\/giurgiu-net.ro\/index.php\/2018\/04\/19\/lobby-pentru-fosta-prefectura-cladirile-din-vama-si-spitalul-judetean-de-urgenta-giurgiu\/","title":{"rendered":"Lobby pentru Fosta Prefectur\u0103, cl\u0103dirile din Vam\u0103 \u015fi Spitalul Jude\u0163ean de Urgen\u0163\u0103 Giurgiu"},"content":{"rendered":"<p>Au luat cuv\u00e2ntul, la conferin\u0163a de pres\u0103 de joi, 19 aprilie, la Prefectur\u0103, \u015fi senatorul Niculae B\u0103d\u0103l\u0103u, dar \u015fi pre\u015fedintele Consiliului Jude\u0163ean Giurgiu, Marian Mina.<!--more--><\/p>\n<p>Ambii le-au mul\u0163umit oficialilor guvernamentali Paul St\u0103nescu \u015fi Adrian G\u00e2dea pentru prezen\u0163a la Giurgiu, dar mai ales pentru tot sprijinul acordat nou\u0103 de-a lungul vremii.<\/p>\n<p><em>\u201cJude\u0163ul Giurgiu a beneficiat de cea mai mare sum\u0103 alocat\u0103 \u00een \u0163ar\u0103 pe Programul Na\u0163ional de Dezvoltare. Mul\u0163umim pentru acest lucru! Avem nevoie de sprijin \u00een continuare, dar nu pot s\u0103 nu specific faptul c\u0103, \u00een prezent, avem deschise c\u00e2te 2-3 \u015fantiere \u00een fiecare localitate. \u00cemi permit s\u0103 \u00eel rog pe Paul St\u0103nescu s\u0103 ne ajute \u015fi cu proiectul privind Fosta Prefectur\u0103. Ne dorim continuarea lucr\u0103rilor \u015fi, a\u015fa cum \u015fti\u0163i, a fost deja aprobat proiectul de lege pentru trecerea imobilului \u00een administrarea Consiliului Jude\u0163ean care poate face un proiect de reabilitare \u015fi modernizare. De asemenea, ne dorim ca \u015fi cl\u0103dirile din Vama Giurgiu s\u0103 fie modernizate, prin Compania Na\u0163ional\u0103 de Investi\u0163ii, pentru c\u0103 PTF Giurgiu deserve\u015fte nu doar jude\u0163ul nostru, ci o \u0163ar\u0103 \u00eentreag\u0103\u201d<\/em>, a declarat senatorul Niculae B\u0103d\u0103l\u0103u.<\/p>\n<p><img loading=\"lazy\" decoding=\"async\" class=\"alignnone wp-image-59979 size-full\" src=\"https:\/\/giurgiu-net.ro\/wp-content\/uploads\/2018\/04\/DSC_0100-1.jpg\" alt=\"\" width=\"800\" height=\"530\" \/><\/p>\n<p>La r\u00e2ndul s\u0103u, pre\u015fedintele CJ \u015fi al PSD Giurgiu, Marian Mina, le-a mul\u0163umit oaspe\u0163ilor pentru c\u0103 mereu a g\u0103sit u\u015fa deschis\u0103 la ei.<\/p>\n<p><em>\u201c\u00cen momentul de fa\u0163\u0103, majoritatea lucr\u0103rilor pe PNDL II sunt urcate pe SEAP, sunt \u00een validare-a\u015fteptare. V\u0103 mul\u0163umim pentru sprijin! \u00cei mul\u0163umesc \u015fi domnului G\u00e2dea pentru c\u0103 \u015ftiu c\u0103, \u00eempreun\u0103 cu Lucian Corozel, l-am exasperat cu toate proiectele pentru jude\u0163, dar a r\u0103spuns \u00eentotdeauna cu promptitudine solicit\u0103rilor noastre. Rug\u0103mintea mea este, de asemenea, s\u0103 ne sprijini\u0163i cu proiectul pentru cl\u0103direa Fostei Prefecturi \u015fi doresc s\u0103 v\u0103 reamintesc c\u0103 avem deja un proiect pe CNI pentru Spitalul Jude\u0163ean de Urgen\u0163\u0103 Giurgiu \u015fi pentru unitatea sanitar\u0103 din Bolintin Vale\u201d<\/em>, a spus Marian Mina.<\/p>\n<p><img loading=\"lazy\" decoding=\"async\" class=\"alignnone wp-image-59980 size-full\" src=\"https:\/\/giurgiu-net.ro\/wp-content\/uploads\/2018\/04\/DSC_0116-1.jpg\" alt=\"\" width=\"800\" height=\"755\" \/><\/p>\n<p>M\u00e2ine, ve\u0163i putea citi pe Giurgiu Net ce a r\u0103spuns secretarul de stat Adrian G\u00e2dea dup\u0103 declara\u0163iile celor doi giurgiuveni.<\/p>\n<p>&nbsp;<\/p>\n","protected":false},"excerpt":{"rendered":"<p>Au luat cuv\u00e2ntul, la conferin\u0163a de pres\u0103 de joi, 19 aprilie, la Prefectur\u0103, \u015fi senatorul Niculae B\u0103d\u0103l\u0103u, dar \u015fi pre\u015fedintele Consiliului Jude\u0163ean Giurgiu, Marian Mina.<\/p>\n","protected":false},"author":1,"featured_media":59983,"comment_status":"open","ping_status":"open","sticky":false,"template":"","format":"standard","meta":{"slim_seo":{"title":"Lobby pentru Fosta Prefectur\u0103, cl\u0103dirile din Vam\u0103 \u015fi Spitalul Jude\u0163ean de Urgen\u0163\u0103 Giurgiu - GIURGIU NET","description":"Au luat cuv\u00e2ntul, la conferin\u0163a de pres\u0103 de joi, 19 aprilie, la Prefectur\u0103, \u015fi senatorul Niculae B\u0103d\u0103l\u0103u, dar \u015fi pre\u015fedintele Consiliului Jude\u0163ean Giurgiu, Mari"},"footnotes":""},"categories":[18,19,25,26,28],"tags":[1626,1839,1938],"class_list":{"0":"post-59978","1":"post","2":"type-post","3":"status-publish","4":"format-standard","5":"has-post-thumbnail","7":"category-actual","8":"category-adm","9":"category-pol","10":"category-soc","11":"category-uo","12":"tag-marian-mina","13":"tag-niculae-badalau","14":"tag-paul-stanescu"},"_links":{"self":[{"href":"https:\/\/giurgiu-net.ro\/index.php\/wp-json\/wp\/v2\/posts\/59978","targetHints":{"allow":["GET"]}}],"collection":[{"href":"https:\/\/giurgiu-net.ro\/index.php\/wp-json\/wp\/v2\/posts"}],"about":[{"href":"https:\/\/giurgiu-net.ro\/index.php\/wp-json\/wp\/v2\/types\/post"}],"author":[{"embeddable":true,"href":"https:\/\/giurgiu-net.ro\/index.php\/wp-json\/wp\/v2\/users\/1"}],"replies":[{"embeddable":true,"href":"https:\/\/giurgiu-net.ro\/index.php\/wp-json\/wp\/v2\/comments?post=59978"}],"version-history":[{"count":0,"href":"https:\/\/giurgiu-net.ro\/index.php\/wp-json\/wp\/v2\/posts\/59978\/revisions"}],"wp:featuredmedia":[{"embeddable":true,"href":"https:\/\/giurgiu-net.ro\/index.php\/wp-json\/"}],"wp:attachment":[{"href":"https:\/\/giurgiu-net.ro\/index.php\/wp-json\/wp\/v2\/media?parent=59978"}],"wp:term":[{"taxonomy":"category","embeddable":true,"href":"https:\/\/giurgiu-net.ro\/index.php\/wp-json\/wp\/v2\/categories?post=59978"},{"taxonomy":"post_tag","embeddable":true,"href":"https:\/\/giurgiu-net.ro\/index.php\/wp-json\/wp\/v2\/tags?post=59978"}],"curies":[{"name":"wp","href":"https:\/\/api.w.org\/{rel}","templated":true}]}}