{"id":59869,"date":"2018-04-17T15:32:15","date_gmt":"2018-04-17T12:32:15","guid":{"rendered":"http:\/\/giurgiu-net.ro\/?p=59869"},"modified":"2018-04-17T15:32:15","modified_gmt":"2018-04-17T12:32:15","slug":"vicepremierul-si-ministrul-de-interne-vin-la-giurgiu","status":"publish","type":"post","link":"https:\/\/giurgiu-net.ro\/index.php\/2018\/04\/17\/vicepremierul-si-ministrul-de-interne-vin-la-giurgiu\/","title":{"rendered":"Vicepremierul \u015fi ministrul de Interne vin la Giurgiu!"},"content":{"rendered":"<p>La invita\u0163ia senatorului giurgiuvean Niculae B\u0103d\u0103l\u0103u, Paul St\u0103nescu \u015fi Carmen Dan, c\u0103rora li se al\u0103tur\u0103 \u015fi secretarul de stat \u00een Ministerul Dezvolt\u0103rii, Adrian G\u00e2dea, vor veni joi, 19 aprilie, \u00een ora\u015ful nostru, a anun\u0163at pre\u015fedintele Consiliului Jude\u0163ean Giurgiu, Marian Mina, pe pagina sa de Facebook.<\/p>\n<p><!--more--><\/p>\n<p><em>&#8222;Zi important\u0103 pentru administra\u0163ia din Giurgiu, joi, 19 aprilie!\u00a0<\/em><br \/>\n<em>Vor veni \u00eentr-o vizit\u0103 de lucru vicepremierul Paul St\u0103nescu, ministrul de Interne, Carmen Dan, \u015fi secretarul de stat \u00een Ministerul Dezvolt\u0103rii Adrian G\u00e2dea.<\/em><\/p>\n<p><em>Mai \u00eent\u00e2i, oficialii se vor \u00eent\u00e2lni cu jurnali\u015ftii locali, la Prefectur\u0103, la ora 14.00. \u00cen conferin\u0163\u0103 de pres\u0103 vor fi discutate probleme de administra\u0163ie public\u0103 local\u0103, stadiul investi\u021biilor pe PNDL I \u015fi II, CNI(Compania Na\u021bional\u0103 de Investi\u021bii) \u015fi fondur<span class=\"text_exposed_show\">i europene, \u00een jude\u021bul Giurgiu, din 2015 \u015fi p\u00e2n\u0103 \u00een prezent.<\/span><\/em><\/p>\n<div class=\"text_exposed_show\">\n<p><em>Ulterior, oaspe\u0163ii de la Guvern vor participa la o \u00eent\u00e2lnire cu primarii giurgiuveni.<\/em><\/p>\n<p><em>Prezen\u0163a celor trei oficiali la Giurgiu se datoreaz\u0103 invita\u0163iei f\u0103cute de c\u0103tre senatorul giurgiuvean Niculae B\u0103d\u0103l\u0103u&#8221;<\/em>, a scris Mina pe Facebook.<\/p>\n<\/div>\n","protected":false},"excerpt":{"rendered":"<p>La invita\u0163ia senatorului giurgiuvean Niculae B\u0103d\u0103l\u0103u, Paul St\u0103nescu \u015fi Carmen Dan, c\u0103rora li se al\u0103tur\u0103 \u015fi secretarul de stat \u00een Ministerul Dezvolt\u0103rii, Adrian G\u00e2dea, vor veni joi, 19 aprilie, \u00een ora\u015ful nostru, a anun\u0163at pre\u015fedintele Consiliului Jude\u0163ean Giurgiu, Marian Mina, pe pagina sa de Facebook.<\/p>\n","protected":false},"author":1,"featured_media":59870,"comment_status":"open","ping_status":"open","sticky":false,"template":"","format":"standard","meta":{"slim_seo":{"title":"Vicepremierul \u015fi ministrul de Interne vin la Giurgiu! - GIURGIU NET","description":"La invita\u0163ia senatorului giurgiuvean Niculae B\u0103d\u0103l\u0103u, Paul St\u0103nescu \u015fi Carmen Dan, c\u0103rora li se al\u0103tur\u0103 \u015fi secretarul de stat \u00een Ministerul Dezvolt\u0103rii, Adrian"},"footnotes":""},"categories":[18,19,25,28],"tags":[317,514,1718],"class_list":["post-59869","post","type-post","status-publish","format-standard","has-post-thumbnail","category-actual","category-adm","category-pol","category-uo","tag-badalau","tag-carmen-dan-paul-stanescu","tag-mina"],"_links":{"self":[{"href":"https:\/\/giurgiu-net.ro\/index.php\/wp-json\/wp\/v2\/posts\/59869","targetHints":{"allow":["GET"]}}],"collection":[{"href":"https:\/\/giurgiu-net.ro\/index.php\/wp-json\/wp\/v2\/posts"}],"about":[{"href":"https:\/\/giurgiu-net.ro\/index.php\/wp-json\/wp\/v2\/types\/post"}],"author":[{"embeddable":true,"href":"https:\/\/giurgiu-net.ro\/index.php\/wp-json\/wp\/v2\/users\/1"}],"replies":[{"embeddable":true,"href":"https:\/\/giurgiu-net.ro\/index.php\/wp-json\/wp\/v2\/comments?post=59869"}],"version-history":[{"count":0,"href":"https:\/\/giurgiu-net.ro\/index.php\/wp-json\/wp\/v2\/posts\/59869\/revisions"}],"wp:attachment":[{"href":"https:\/\/giurgiu-net.ro\/index.php\/wp-json\/wp\/v2\/media?parent=59869"}],"wp:term":[{"taxonomy":"category","embeddable":true,"href":"https:\/\/giurgiu-net.ro\/index.php\/wp-json\/wp\/v2\/categories?post=59869"},{"taxonomy":"post_tag","embeddable":true,"href":"https:\/\/giurgiu-net.ro\/index.php\/wp-json\/wp\/v2\/tags?post=59869"}],"curies":[{"name":"wp","href":"https:\/\/api.w.org\/{rel}","templated":true}]}}