{"id":59242,"date":"2018-03-28T10:41:28","date_gmt":"2018-03-28T07:41:28","guid":{"rendered":"http:\/\/giurgiu-net.ro\/?p=59242"},"modified":"2018-03-28T10:41:28","modified_gmt":"2018-03-28T07:41:28","slug":"simpozionul-de-la-comana-a-reunit-peste-200-de-giurgiuveni","status":"publish","type":"post","link":"https:\/\/giurgiu-net.ro\/index.php\/2018\/03\/28\/simpozionul-de-la-comana-a-reunit-peste-200-de-giurgiuveni\/","title":{"rendered":"Simpozionul de la Comana a reunit peste 200 de giurgiuveni"},"content":{"rendered":"<p>Directorul Muzeului Jude\u0163ean \u201eTeohari Antonescu\u201d, Ionel Muscalu, a postat pe Facebook c\u00e2teva informa\u0163ii despre evenimentul desf\u0103\u015furat mar\u0163i, 27 martie, cu ocazia \u00eemplinirii a 100 de ani de la Unirea Basarabiei cu patria mam\u0103.<!--more--><\/p>\n<p><img loading=\"lazy\" decoding=\"async\" class=\"alignnone size-medium wp-image-59243\" src=\"https:\/\/giurgiu-net.ro\/wp-content\/uploads\/2018\/03\/29543007_1941138975896696_3494122300427724945_n-200x133.jpg\" alt=\"\" width=\"200\" height=\"133\" \/> <img loading=\"lazy\" decoding=\"async\" class=\"alignnone size-medium wp-image-59244\" src=\"https:\/\/giurgiu-net.ro\/wp-content\/uploads\/2018\/03\/29595196_1941138545896739_7436261430190201567_n-200x133.jpg\" alt=\"\" width=\"200\" height=\"133\" \/> <img loading=\"lazy\" decoding=\"async\" class=\"alignnone size-medium wp-image-59245\" src=\"https:\/\/giurgiu-net.ro\/wp-content\/uploads\/2018\/03\/29595420_1941138395896754_5751590972577891109_n-200x138.jpg\" alt=\"\" width=\"200\" height=\"138\" \/> <img loading=\"lazy\" decoding=\"async\" class=\"alignnone size-medium wp-image-59246\" src=\"https:\/\/giurgiu-net.ro\/wp-content\/uploads\/2018\/03\/29598273_1941138445896749_3387865534106926911_n-200x130.jpg\" alt=\"\" width=\"200\" height=\"130\" \/><\/p>\n<p><em>\u201e\u00cen acest loc de cult \u0219i de cultur\u0103, \u00een jurul c\u0103ruia acum 102 ani str\u0103mo\u0219i de ai no\u0219tri au f\u0103cut zid cu trupurile lor, ap\u0103r\u00e2ndu-l de armatele inamice, a avut loc ast\u0103zi simpozionul &#8222;100 de ani de la Unirea Basarabiei cu \u021aara Mam\u0103&#8221;. Elevi, profesori, preo\u021bi \u0219i invita\u021bi surpriza, a\u0219a cum a este domnul general Radu Theodoru, istoricul Emil P\u0103unescu, au s\u0103dit \u00eenc\u0103 odat\u0103 s\u00e2mburele adev\u0103rului istoric \u00een sufletele celor care au fost prezen\u021bi. P\u0103rintele consilier Mihaita Podaru \u0219i\u00a0cu mine am avut sarcina de a provoca s\u0103 r\u0103sar\u0103 primavara \u00een con\u0219tiin\u021bele prezente, ca s\u0103 duc\u0103 \u0219i la casele lor acest zvon despre eroismul rom\u00e2nesc. <\/em><\/p>\n<p><em>Mul\u021bumesc din suflet p\u0103rintelui arhimandrit, doctor \u00een istorie Mihail Muscariu, care , ca de obicei, ne-a primit cu tot dragul!\u00a0<\/em><\/p>\n<p><em>Pe mine m-a bucurat, in plus, c\u0103 peste 200 de oameni, mai mici sau mai mari, au vizitat ast\u0103zi Sec\u021bia muzeal\u0103 COMANA.<\/em><\/p>\n<p><em>Minunatele fotografii au fost f\u0103cute cu profesionalism \u0219i seriozitate, dar \u0219i cu umor, de c\u0103tre prietenul nostru Emil Palangean\u201d<\/em>, a scris Muscalu pe Facebook.<\/p>\n","protected":false},"excerpt":{"rendered":"<p>Directorul Muzeului Jude\u0163ean \u201eTeohari Antonescu\u201d, Ionel Muscalu, a postat pe Facebook c\u00e2teva informa\u0163ii despre evenimentul desf\u0103\u015furat mar\u0163i, 27 martie, cu ocazia \u00eemplinirii a 100 de ani de la Unirea Basarabiei cu patria mam\u0103.<\/p>\n","protected":false},"author":1,"featured_media":59245,"comment_status":"open","ping_status":"open","sticky":false,"template":"","format":"standard","meta":{"slim_seo":{"title":"Simpozionul de la Comana a reunit peste 200 de giurgiuveni - GIURGIU NET","description":"Directorul Muzeului Jude\u0163ean \u201eTeohari Antonescu\u201d, Ionel Muscalu, a postat pe Facebook c\u00e2teva informa\u0163ii despre evenimentul desf\u0103\u015furat mar\u0163i, 27 martie, cu ocazi"},"footnotes":""},"categories":[18,29],"tags":[668,1818],"class_list":{"0":"post-59242","1":"post","2":"type-post","3":"status-publish","4":"format-standard","5":"has-post-thumbnail","7":"category-actual","8":"category-educatie-si-cultura","9":"tag-comana","10":"tag-muzeul-judetean-teohari-antonescu"},"_links":{"self":[{"href":"https:\/\/giurgiu-net.ro\/index.php\/wp-json\/wp\/v2\/posts\/59242","targetHints":{"allow":["GET"]}}],"collection":[{"href":"https:\/\/giurgiu-net.ro\/index.php\/wp-json\/wp\/v2\/posts"}],"about":[{"href":"https:\/\/giurgiu-net.ro\/index.php\/wp-json\/wp\/v2\/types\/post"}],"author":[{"embeddable":true,"href":"https:\/\/giurgiu-net.ro\/index.php\/wp-json\/wp\/v2\/users\/1"}],"replies":[{"embeddable":true,"href":"https:\/\/giurgiu-net.ro\/index.php\/wp-json\/wp\/v2\/comments?post=59242"}],"version-history":[{"count":0,"href":"https:\/\/giurgiu-net.ro\/index.php\/wp-json\/wp\/v2\/posts\/59242\/revisions"}],"wp:featuredmedia":[{"embeddable":true,"href":"https:\/\/giurgiu-net.ro\/index.php\/wp-json\/"}],"wp:attachment":[{"href":"https:\/\/giurgiu-net.ro\/index.php\/wp-json\/wp\/v2\/media?parent=59242"}],"wp:term":[{"taxonomy":"category","embeddable":true,"href":"https:\/\/giurgiu-net.ro\/index.php\/wp-json\/wp\/v2\/categories?post=59242"},{"taxonomy":"post_tag","embeddable":true,"href":"https:\/\/giurgiu-net.ro\/index.php\/wp-json\/wp\/v2\/tags?post=59242"}],"curies":[{"name":"wp","href":"https:\/\/api.w.org\/{rel}","templated":true}]}}