{"id":59238,"date":"2018-03-27T18:36:21","date_gmt":"2018-03-27T15:36:21","guid":{"rendered":"http:\/\/giurgiu-net.ro\/?p=59238"},"modified":"2018-03-27T18:36:21","modified_gmt":"2018-03-27T15:36:21","slug":"declaratie-politica-datele-statistice-contrazic-opozitia-si-arata-ca-investitiile-in-economie-au-crescut","status":"publish","type":"post","link":"https:\/\/giurgiu-net.ro\/index.php\/2018\/03\/27\/declaratie-politica-datele-statistice-contrazic-opozitia-si-arata-ca-investitiile-in-economie-au-crescut\/","title":{"rendered":"DECLARA\u0162IE POLITIC\u0102: \u201eDatele statistice contrazic opozi\u021bia \u0219i arat\u0103 c\u0103 investi\u021biile \u00een economie au crescut\u201d"},"content":{"rendered":"<p>Acesta este titlul unei recente declara\u0163ii politice pe care deputatul giurgiuvean Cristina Elena Dinu a f\u0103cut-o \u00een Camera Deputa\u0163ilor.<!--more--><\/p>\n<p>&#8222;Una dintre marotele opozi\u021biei este aceea c\u0103 Guvernul aloc\u0103 prea mul\u021bi bani cre\u0219terilor salariale \u00een detrimentul investi\u021biilor.<\/p>\n<p>Evident c\u0103 este o minciun\u0103 iar acest lucru e dovedit chiar de datele oficiale comunicate de Institutul Na\u021bional de Statistic\u0103 \u0219i care arat\u0103 c\u0103 investi\u0163iile nete realizate \u00een economia na\u0163ional\u0103 au \u00eensumat 77,9 miliarde de lei \u00een 2017, \u00een cre\u015ftere cu 6,4% comparativ cu 2016.<\/p>\n<p>Probabil c\u0103 aceast\u0103 cifr\u0103 ar fi fost \u015fi mai mare dac\u0103 guvernul anterior, cel tehnocrat, ar fi l\u0103sat proiecte care necesitau finan\u0163are \u00een 2017. Dar, \u00een lipsa acestora, banii aloca\u0163i ini\u0163ial pentru investi\u0163ii, au fost redirec\u0163iona\u0163i\u00a0 c\u0103tre sectoarele unde era nevoie \u015fi unde puteau fi cheltui\u0163i.<\/p>\n<p>Nu trebuie s\u0103 uit\u0103m c\u0103 Rom\u00e2nia a avut cea mai mare cre\u0219tere economic\u0103 din Uniunea European\u0103, iar la sustenabilitatea acestei cre\u0219teri economice a contribuit \u0219i structura investi\u021biilor.<\/p>\n<p>Repet, sunt date oficiale care arat\u0103 clar o cre\u0219tere a ponderii investi\u021biilor nete \u00een construc\u021bii cu 7,1%, \u00a0iar o treime din investi\u021biile nete au fost orientate c\u0103tre industrie.<\/p>\n<p>Ca rezultat al politicii Guvernului PSD-ALDE, \u00a0mai trebuie remarcat, tot din date oficiale, c\u0103 \u00een intervalul octombrie-decembrie 2017, investi\u0163iile nete realizate \u00een economia na\u0163ional\u0103 au crescut cu 13,5% comparativ cu perioada similar\u0103 din 2016.<\/p>\n<p>\u0218tiu c\u0103 aceste date sunt poate neimportante pentru cet\u0103\u021beni, dar ele reprezint\u0103 realitatea economic\u0103 a Rom\u00e2niei, sursa tuturor m\u0103surilor pe care Guvernul le are \u00een vedere pentru \u00eendeplinirea obiectivelor sale.<\/p>\n<p>Opozi\u021bia mai spune c\u0103 banii \u021b\u0103rii trebuiau aloca\u021bi cu preponderen\u021b\u0103 \u00een investi\u021bii \u0219i nu \u00een cre\u0219teri salariale. Asta o spun cei care au t\u0103iat, f\u0103r\u0103 mil\u0103, din salarii \u0219i pensii pentru c\u0103 nu s-au priceput s\u0103 fac\u0103 altfel, iar efectul a fost devastator: milioane de oameni au p\u0103r\u0103sit \u021bara \u00een c\u0103utarea unui loc de munc\u0103 bine pl\u0103tit.<\/p>\n<p>Guvernarea actual\u0103 nu numai c\u0103 a reparat o nedreptate, aceea a readucerii salariilor \u0219i pensiilor la nivelul ini\u021bial, dar a \u0219i \u00een\u021beles c\u0103, at\u00e2ta vreme c\u00e2t salariile r\u0103m\u00e2n mici, economia nu se poate ridica, iar rom\u00e2nii vor continua s\u0103 plece.<\/p>\n<p>Majorarea salariilor asigur\u0103 \u00eendeplinirea a dou\u0103 mari obiective din programul de guvernare \u2013 cre\u015fterea num\u0103rului de rom\u00e2ni din clasa de mijloc \u015fi revenirea, l\u00e2ng\u0103 familie \u015fi copii, a celor pleca\u0163i la munc\u0103 \u00een str\u0103in\u0103tate.<\/p>\n<p>Asta este realitatea, numai c\u0103 lucrurile acestea nu se pot \u00eent\u00e2mpla peste noapte. Este nevoie de timp pentru ca efectele s\u0103 se vad\u0103 iar despre rezultatele programului de guvernare firesc este s\u0103 discut\u0103m la finalul mandatului.<\/p>\n<p>Deputat Cristina Elena Dinu&#8221;<\/p>\n<p>&nbsp;<\/p>\n<p>&nbsp;<\/p>\n","protected":false},"excerpt":{"rendered":"<p>Acesta este titlul unei recente declara\u0163ii politice pe care deputatul giurgiuvean Cristina Elena Dinu a f\u0103cut-o \u00een Camera Deputa\u0163ilor.<\/p>\n","protected":false},"author":1,"featured_media":59239,"comment_status":"open","ping_status":"open","sticky":false,"template":"","format":"standard","meta":{"slim_seo":{"title":"DECLARA\u0162IE POLITIC\u0102: \u201eDatele statistice contrazic opozi\u021bia \u0219i arat\u0103 c\u0103 investi\u021biile \u00een economie au crescut\u201d - GIURGIU NET","description":"Acesta este titlul unei recente declara\u0163ii politice pe care deputatul giurgiuvean Cristina Elena Dinu a f\u0103cut-o \u00een Camera Deputa\u0163ilor. \"Una dintre marotele opoz"},"footnotes":""},"categories":[18,25,26],"tags":[1025],"class_list":{"0":"post-59238","1":"post","2":"type-post","3":"status-publish","4":"format-standard","5":"has-post-thumbnail","7":"category-actual","8":"category-pol","9":"category-soc","10":"tag-elena-dinu"},"_links":{"self":[{"href":"https:\/\/giurgiu-net.ro\/index.php\/wp-json\/wp\/v2\/posts\/59238","targetHints":{"allow":["GET"]}}],"collection":[{"href":"https:\/\/giurgiu-net.ro\/index.php\/wp-json\/wp\/v2\/posts"}],"about":[{"href":"https:\/\/giurgiu-net.ro\/index.php\/wp-json\/wp\/v2\/types\/post"}],"author":[{"embeddable":true,"href":"https:\/\/giurgiu-net.ro\/index.php\/wp-json\/wp\/v2\/users\/1"}],"replies":[{"embeddable":true,"href":"https:\/\/giurgiu-net.ro\/index.php\/wp-json\/wp\/v2\/comments?post=59238"}],"version-history":[{"count":0,"href":"https:\/\/giurgiu-net.ro\/index.php\/wp-json\/wp\/v2\/posts\/59238\/revisions"}],"wp:featuredmedia":[{"embeddable":true,"href":"https:\/\/giurgiu-net.ro\/index.php\/wp-json\/"}],"wp:attachment":[{"href":"https:\/\/giurgiu-net.ro\/index.php\/wp-json\/wp\/v2\/media?parent=59238"}],"wp:term":[{"taxonomy":"category","embeddable":true,"href":"https:\/\/giurgiu-net.ro\/index.php\/wp-json\/wp\/v2\/categories?post=59238"},{"taxonomy":"post_tag","embeddable":true,"href":"https:\/\/giurgiu-net.ro\/index.php\/wp-json\/wp\/v2\/tags?post=59238"}],"curies":[{"name":"wp","href":"https:\/\/api.w.org\/{rel}","templated":true}]}}