{"id":59232,"date":"2018-03-27T15:29:59","date_gmt":"2018-03-27T12:29:59","guid":{"rendered":"http:\/\/giurgiu-net.ro\/?p=59232"},"modified":"2018-03-27T15:29:59","modified_gmt":"2018-03-27T12:29:59","slug":"ce-frumos-traditia-la-tara-reinviata-de-catre-elevii-scolii-din-malu-spart","status":"publish","type":"post","link":"https:\/\/giurgiu-net.ro\/index.php\/2018\/03\/27\/ce-frumos-traditia-la-tara-reinviata-de-catre-elevii-scolii-din-malu-spart\/","title":{"rendered":"CE FRUMOS! &#8222;Tradi\u0163ia la \u0163ar\u0103&#8221;, re\u00eenviat\u0103 de c\u0103tre elevii \u015ecolii din Malu Spart"},"content":{"rendered":"<p>Copii, p\u0103rin\u0163ii \u015fi dasc\u0103lii din Malu Spart atrag din nou aten\u0163ia giurgiuvenilor, de aceast\u0103 dat\u0103 prin amenajarea unei \u00eenc\u0103peri din unitatea de \u00eenv\u0103\u0163\u0103m\u00e2nt, ca la bunica acas\u0103, doar cu obiecte tradi\u0163ionale rom\u00e2ne\u015fti autentice.<\/p>\n<p><!--more--><\/p>\n<p><img loading=\"lazy\" decoding=\"async\" class=\"alignnone size-full wp-image-59236\" src=\"https:\/\/giurgiu-net.ro\/wp-content\/uploads\/2018\/03\/traditie-4.jpg\" alt=\"\" width=\"960\" height=\"720\" \/> <img loading=\"lazy\" decoding=\"async\" class=\"alignnone size-full wp-image-59235\" src=\"https:\/\/giurgiu-net.ro\/wp-content\/uploads\/2018\/03\/traditie-3.jpg\" alt=\"\" width=\"960\" height=\"720\" \/> <img loading=\"lazy\" decoding=\"async\" class=\"alignnone wp-image-59234 size-large\" src=\"https:\/\/giurgiu-net.ro\/wp-content\/uploads\/2018\/03\/traditie-2-300x225.jpg\" alt=\"\" width=\"300\" height=\"225\" \/> <img loading=\"lazy\" decoding=\"async\" class=\"alignnone size-full wp-image-59233\" src=\"https:\/\/giurgiu-net.ro\/wp-content\/uploads\/2018\/03\/traditie-1.jpg\" alt=\"\" width=\"960\" height=\"720\" \/><\/p>\n<p>Azi, de Ziua Unirii Basarabiei cu patria mam\u0103, Rom\u00e2nia, elevii \u015ecolii din Malu Spart au desf\u0103\u015furat mai multe activit\u0103\u0163i, printre care \u015fi cea de mai sus, denumit\u0103 sugestiv: &#8222;Dor de bunica&#8221;.<\/p>\n<p>Pe pagina de Facebook a \u015ecolii, <a href=\"https:\/\/www.facebook.com\/permalink.php?story_fbid=604077826621367&amp;id=100010574656152&amp;pnref=story.unseen-section\" target=\"_blank\" rel=\"noopener\">AICI:\u00a0https:\/\/www.facebook.com\/permalink.php?story_fbid=604077826621367&amp;id=100010574656152&amp;pnref=story.unseen-section<\/a>, pute\u0163i asculta \u015fi c\u00e2ntece \u00een interpretarea elevilor, dar ve\u0163i putea vedea \u015fi alte post\u0103ri referitoare la evenimentul marcat azi, la \u015ecoala din Malu Spart, jude\u0163ul Giurgiu.<\/p>\n","protected":false},"excerpt":{"rendered":"<p>Copii, p\u0103rin\u0163ii \u015fi dasc\u0103lii din Malu Spart atrag din nou aten\u0163ia giurgiuvenilor, de aceast\u0103 dat\u0103 prin amenajarea unei \u00eenc\u0103peri din unitatea de \u00eenv\u0103\u0163\u0103m\u00e2nt, ca la bunica acas\u0103, doar cu obiecte tradi\u0163ionale rom\u00e2ne\u015fti autentice.<\/p>\n","protected":false},"author":1,"featured_media":59233,"comment_status":"open","ping_status":"open","sticky":false,"template":"","format":"standard","meta":{"slim_seo":{"title":"CE FRUMOS! \"Tradi\u0163ia la \u0163ar\u0103\", re\u00eenviat\u0103 de c\u0103tre elevii \u015ecolii din Malu Spart - GIURGIU NET","description":"Copii, p\u0103rin\u0163ii \u015fi dasc\u0103lii din Malu Spart atrag din nou aten\u0163ia giurgiuvenilor, de aceast\u0103 dat\u0103 prin amenajarea unei \u00eenc\u0103peri din unitatea de \u00eenv\u0103\u0163\u0103m\u00e2nt, ca la"},"footnotes":""},"categories":[18,26],"tags":[1604],"class_list":{"0":"post-59232","1":"post","2":"type-post","3":"status-publish","4":"format-standard","5":"has-post-thumbnail","7":"category-actual","8":"category-soc","9":"tag-malu-spart"},"_links":{"self":[{"href":"https:\/\/giurgiu-net.ro\/index.php\/wp-json\/wp\/v2\/posts\/59232","targetHints":{"allow":["GET"]}}],"collection":[{"href":"https:\/\/giurgiu-net.ro\/index.php\/wp-json\/wp\/v2\/posts"}],"about":[{"href":"https:\/\/giurgiu-net.ro\/index.php\/wp-json\/wp\/v2\/types\/post"}],"author":[{"embeddable":true,"href":"https:\/\/giurgiu-net.ro\/index.php\/wp-json\/wp\/v2\/users\/1"}],"replies":[{"embeddable":true,"href":"https:\/\/giurgiu-net.ro\/index.php\/wp-json\/wp\/v2\/comments?post=59232"}],"version-history":[{"count":0,"href":"https:\/\/giurgiu-net.ro\/index.php\/wp-json\/wp\/v2\/posts\/59232\/revisions"}],"wp:featuredmedia":[{"embeddable":true,"href":"https:\/\/giurgiu-net.ro\/index.php\/wp-json\/"}],"wp:attachment":[{"href":"https:\/\/giurgiu-net.ro\/index.php\/wp-json\/wp\/v2\/media?parent=59232"}],"wp:term":[{"taxonomy":"category","embeddable":true,"href":"https:\/\/giurgiu-net.ro\/index.php\/wp-json\/wp\/v2\/categories?post=59232"},{"taxonomy":"post_tag","embeddable":true,"href":"https:\/\/giurgiu-net.ro\/index.php\/wp-json\/wp\/v2\/tags?post=59232"}],"curies":[{"name":"wp","href":"https:\/\/api.w.org\/{rel}","templated":true}]}}