{"id":59197,"date":"2018-03-26T12:34:41","date_gmt":"2018-03-26T09:34:41","guid":{"rendered":"http:\/\/giurgiu-net.ro\/?p=59197"},"modified":"2018-03-26T12:34:41","modified_gmt":"2018-03-26T09:34:41","slug":"ce-vor-face-jandarmii-de-ziua-lor","status":"publish","type":"post","link":"https:\/\/giurgiu-net.ro\/index.php\/2018\/03\/26\/ce-vor-face-jandarmii-de-ziua-lor\/","title":{"rendered":"Ce vor face Jandarmii de ziua lor?"},"content":{"rendered":"<p><strong><em>Cu prilejul s\u0103rb\u0103toririi a 168 de ani de la \u00eenfiin\u021barea Jandarmeriei Rom\u00e2ne, Inspectoratul de Jandarmi Jude\u021bean Giurgiu organizeaz\u0103 o serie de activit\u0103\u0163i dedicate celor care vor s\u0103 cunoasc\u0103 \u00eendeaproape activitatea institu\u0163iei. <\/em><\/strong><!--more--><\/p>\n<p><strong><em>\u00a0\u00a0\u00a0\u00a0\u00a0 S\u0103pt\u0103m\u00e2na aceasta, manifest\u0103rile sunt planificate, astfel: <\/em><\/strong><\/p>\n<ul>\n<li>03.2018. ora 09.00 punct de informare la \u015fcoala general\u0103 din Milcov\u0103\u0163u;<\/li>\n<li>03.2018, ora 09.00 punct de informare la Liceul Tehnologic \u201eTiu Dumitrescu\u201d din Mih\u0103ile\u015fti;<\/li>\n<li>03.2018, ora 11.00 punct de informare la \u015fcoala general\u0103 din Ghimpa\u0163i;<\/li>\n<li>03.2018, ora 11.00 la sediul inspectoratului, simpozion dedicat ofi\u0163erilor \u00een rezerv\u0103 &#8211; \u201eJandarmeria \u00ee\u015fi onoreaz\u0103 camarazii de arm\u0103\u201d;<\/li>\n<li>03.2018, ora 11.00, la sediul inspectoratului &#8211; Ziua Por\u0163ilor Deschise pentru copii;<\/li>\n<li>04.2018, ora 11.00, \u00een parcul \u201cMihai Viteazul\u201d, punct de informare \u201cJandarmeria pe \u00een\u0163elesul tuturor\u201d.<\/li>\n<\/ul>\n<p><strong><em>V\u0103 invit\u0103m s\u0103 fi\u0163i al\u0103turi de noi la aceste evenimente, mul\u0163umindu-v\u0103 totodat\u0103 pentru buna colaborare, transparen\u0163a \u015fi promptitudinea cu care informa\u0163i cet\u0103\u0163enii cu privire la activitatea jandarmilor giurgiuveni.<\/em><\/strong><\/p>\n<p><strong>\u00a0<\/strong><\/p>\n<p>&nbsp;<\/p>\n<p>Compartimentul Informare, Rela\u0163ii Publice \u015fi cu Publicul<\/p>\n","protected":false},"excerpt":{"rendered":"<p>Cu prilejul s\u0103rb\u0103toririi a 168 de ani de la \u00eenfiin\u021barea Jandarmeriei Rom\u00e2ne, Inspectoratul de Jandarmi Jude\u021bean Giurgiu organizeaz\u0103 o serie de activit\u0103\u0163i dedicate celor care vor s\u0103 cunoasc\u0103 \u00eendeaproape activitatea institu\u0163iei.<\/p>\n","protected":false},"author":1,"featured_media":55729,"comment_status":"open","ping_status":"open","sticky":false,"template":"","format":"standard","meta":{"slim_seo":{"title":"Ce vor face Jandarmii de ziua lor? - GIURGIU NET","description":"Cu prilejul s\u0103rb\u0103toririi a 168 de ani de la \u00eenfiin\u021barea Jandarmeriei Rom\u00e2ne, Inspectoratul de Jandarmi Jude\u021bean Giurgiu organizeaz\u0103 o serie de activit\u0103\u0163i dedica"},"footnotes":""},"categories":[18,26],"tags":[1465],"class_list":["post-59197","post","type-post","status-publish","format-standard","has-post-thumbnail","category-actual","category-soc","tag-jandarmeria"],"_links":{"self":[{"href":"https:\/\/giurgiu-net.ro\/index.php\/wp-json\/wp\/v2\/posts\/59197","targetHints":{"allow":["GET"]}}],"collection":[{"href":"https:\/\/giurgiu-net.ro\/index.php\/wp-json\/wp\/v2\/posts"}],"about":[{"href":"https:\/\/giurgiu-net.ro\/index.php\/wp-json\/wp\/v2\/types\/post"}],"author":[{"embeddable":true,"href":"https:\/\/giurgiu-net.ro\/index.php\/wp-json\/wp\/v2\/users\/1"}],"replies":[{"embeddable":true,"href":"https:\/\/giurgiu-net.ro\/index.php\/wp-json\/wp\/v2\/comments?post=59197"}],"version-history":[{"count":0,"href":"https:\/\/giurgiu-net.ro\/index.php\/wp-json\/wp\/v2\/posts\/59197\/revisions"}],"wp:attachment":[{"href":"https:\/\/giurgiu-net.ro\/index.php\/wp-json\/wp\/v2\/media?parent=59197"}],"wp:term":[{"taxonomy":"category","embeddable":true,"href":"https:\/\/giurgiu-net.ro\/index.php\/wp-json\/wp\/v2\/categories?post=59197"},{"taxonomy":"post_tag","embeddable":true,"href":"https:\/\/giurgiu-net.ro\/index.php\/wp-json\/wp\/v2\/tags?post=59197"}],"curies":[{"name":"wp","href":"https:\/\/api.w.org\/{rel}","templated":true}]}}