{"id":59045,"date":"2018-03-21T15:47:35","date_gmt":"2018-03-21T13:47:35","guid":{"rendered":"http:\/\/giurgiu-net.ro\/?p=59045"},"modified":"2018-03-21T15:47:35","modified_gmt":"2018-03-21T13:47:35","slug":"declaratie-politica-colegele-din-camera-deputatilor-si-senat-un-exemplu-de-colaborare-pentru-promovarea-unor-proiecte-necesare-si-benefice","status":"publish","type":"post","link":"https:\/\/giurgiu-net.ro\/index.php\/2018\/03\/21\/declaratie-politica-colegele-din-camera-deputatilor-si-senat-un-exemplu-de-colaborare-pentru-promovarea-unor-proiecte-necesare-si-benefice\/","title":{"rendered":"DECLARA\u0162IE POLITIC\u0102: Colegele din Camera Deputa\u0163ilor \u015fi Senat, un exemplu de colaborare pentru promovarea unor proiecte necesare si benefice"},"content":{"rendered":"<p><strong>Senatorul giurgiuvean Niculae B\u0103d\u0103l\u0103u a f\u0103cut, recent, o declara\u0163ie politic\u0103 pe tema unei premiere \u00eenregistrate, s\u0103pt\u0103m\u00e2na trecut\u0103, \u00een Parlamentul Rom\u00e2niei.<\/strong><\/p>\n<p><strong>Red\u0103m \u015fi noi integral declara\u0163ia sa politic\u0103:<\/strong><!--more--><\/p>\n<p><strong>&#8222;Stimate colege, stima\u0163i colegi,<\/strong><\/p>\n<p>S\u0103pt\u0103m\u00e2na trecut\u0103, \u00een Parlamentul Rom\u00e2niei s-a \u00eenregistrat o premier\u0103 \u00een ceea ce prive\u015fte colaborarea \u00eentre demnitari, indiferent dac\u0103 ne referim la cei independen\u0163i sau la cei care fac parte din forma\u0163iuni politice. Este un moment important, un pas \u00eenainte spre normalitate, este un fapt demn de apreciere \u015fi care trebuie sus\u0163inut. M\u0103 refer, desigur, la ini\u0163iativa legislativ\u0103 a unei doamne deputat independent Oana B\u00eezgan privind solicitarea <em>cre\u015fterii p\u00e2n\u0103 la 7 ani a v\u00e2rstei la care copiii din sistemul de protec\u021bie social\u0103 sunt trimi\u0219i \u00een servicii de tip reziden\u021bial. <\/em><\/p>\n<p>Doamna deputat a reu\u015fit s\u0103 le conving\u0103 pe toate colegele sale, at\u00e2t de la Camera Deputa\u0163ilor, c\u00e2t \u015fi de la Senat, indiferent de partidul din care provin, s\u0103 semneze ini\u0163iativa legislativ\u0103 men\u0163ionat\u0103. Prin intermediul acestei declara\u0163ii politice, \u00eemi exprim sus\u0163inerea fa\u0163\u0103 de proiectul de lege ale c\u0103rui motiva\u0163ii sunt clare \u015fi pertinente.<\/p>\n<p>Astfel, proiectul prevede modificarea Alineatelor (1) \u015fi (2) ale articolului 64 din Legea nr. 272\/2004 privind protec\u0163ia \u015fi promovarea drepturilor copilului, republicat\u0103 \u00een Monitorul Oficial al Rom\u00e2niei, Partea I, nr. 159 din 5 martie 2014, dup\u0103 cum urmeaz\u0103:<\/p>\n<p>\u201cArt. 64 \u2013 (1) <em>Plasamentul copilului care nu a \u00eemplinit v\u00e2rsta de 7 ani poate fi dispus numai la familia extins\u0103, substitutiv\u0103 sau la asistent maternal, plasamentul acestuia \u00eentr-un serviciu de tip reziden\u0163ial fiind interzis<\/em>.<\/p>\n<p>(2) Prin excep\u0163ie de la prevederile alin. (1), <em>se poate stabili plasamentul \u00eentr-un serviciu de tip reziden\u0163ial al copilului mai mic de 7 ani, \u00een situa\u0163ia \u00een care acesta prezint\u0103 handicapuri grave, cu dependen\u0163\u0103 de \u00eengrijiri \u00een servicii de tip reziden\u0163ial specializate.\u201d <\/em><\/p>\n<p>Colegele noastre pun la baza ini\u0163iativei legislative <strong>principiul interesului superior al copilului<\/strong>, \u00eens\u0103, totodat\u0103, semnatarele motiveaz\u0103 c\u0103 \u201cinstitu\u021bionalizarea copiilor, dovedit\u0103 nociv\u0103 de c\u0103tre multiple studii \u0219tiin\u021bifice de specialitate \u00eenc\u0103 din anii \u201950, are efecte ireversibile at\u00e2t asupra comportamentului, c\u00e2t \u0219i asupra dezvolt\u0103rii ulterioare a minorilor. Copiii crescu\u021bi \u00een centre de plasament au rezultate net inferioare din punct de vedere psiho-social \u0219i cognitiv, cu impact semnificativ inclusiv asupra IQ-ului acestora\u201d.<\/p>\n<p>Conform expunerii de motive, proiectul de lege este motivat inclusiv financiar, tranzi\u021bia de la centre reziden\u021biale la \u00eengrijire familial\u0103, familii substitutive sau asisten\u021bi maternali fiind mai avantajoas\u0103 \u0219i din punct de vedere bugetar. Proiectul este sus\u021binut de peste 60 de deputate \u0219i senatoare din Parlamentul Rom\u00e2niei \u015fi se dore\u0219te a fi un prim pas al colabor\u0103rii transpartinice la feminin pentru promovarea unor proiecte necesare si benefice pentru protec\u021bia copiilor, egalitatea de \u0219anse, educa\u021bie, s\u0103n\u0103tate, protec\u021bie \u0219i siguran\u021b\u0103, antreprenoriat etc.<\/p>\n<p>Sigur, \u00eemi doresc ca acest tip de colaborare s\u0103 o reg\u0103sim \u00een cazul tuturor m\u0103surilor bune pentru rom\u00e2ni, o colaborare de care, iat\u0103, poate depinde dezvoltarea \u0163\u0103rii noastre.<\/p>\n<p>&nbsp;<\/p>\n<p>V\u0103 mul\u0163umesc!<\/p>\n<p>Senator PSD Niculae B\u0103d\u0103l\u0103u&#8221;<\/p>\n","protected":false},"excerpt":{"rendered":"<p>Senatorul giurgiuvean Niculae B\u0103d\u0103l\u0103u a f\u0103cut, recent, o declara\u0163ie politic\u0103 pe tema unei premiere \u00eenregistrate, s\u0103pt\u0103m\u00e2na trecut\u0103, \u00een Parlamentul Rom\u00e2niei. Red\u0103m \u015fi noi integral declara\u0163ia sa politic\u0103:<\/p>\n","protected":false},"author":1,"featured_media":48781,"comment_status":"open","ping_status":"open","sticky":false,"template":"","format":"standard","meta":{"slim_seo":{"title":"DECLARA\u0162IE POLITIC\u0102: Colegele din Camera Deputa\u0163ilor \u015fi Senat, un exemplu de colaborare pentru promovarea unor proiecte necesare si benefice - GIURGIU NET","description":"Senatorul giurgiuvean Niculae B\u0103d\u0103l\u0103u a f\u0103cut, recent, o declara\u0163ie politic\u0103 pe tema unei premiere \u00eenregistrate, s\u0103pt\u0103m\u00e2na trecut\u0103, \u00een Parlamentul Rom\u00e2niei. Red"},"footnotes":""},"categories":[18,26],"tags":[317],"class_list":["post-59045","post","type-post","status-publish","format-standard","has-post-thumbnail","category-actual","category-soc","tag-badalau"],"_links":{"self":[{"href":"https:\/\/giurgiu-net.ro\/index.php\/wp-json\/wp\/v2\/posts\/59045","targetHints":{"allow":["GET"]}}],"collection":[{"href":"https:\/\/giurgiu-net.ro\/index.php\/wp-json\/wp\/v2\/posts"}],"about":[{"href":"https:\/\/giurgiu-net.ro\/index.php\/wp-json\/wp\/v2\/types\/post"}],"author":[{"embeddable":true,"href":"https:\/\/giurgiu-net.ro\/index.php\/wp-json\/wp\/v2\/users\/1"}],"replies":[{"embeddable":true,"href":"https:\/\/giurgiu-net.ro\/index.php\/wp-json\/wp\/v2\/comments?post=59045"}],"version-history":[{"count":0,"href":"https:\/\/giurgiu-net.ro\/index.php\/wp-json\/wp\/v2\/posts\/59045\/revisions"}],"wp:attachment":[{"href":"https:\/\/giurgiu-net.ro\/index.php\/wp-json\/wp\/v2\/media?parent=59045"}],"wp:term":[{"taxonomy":"category","embeddable":true,"href":"https:\/\/giurgiu-net.ro\/index.php\/wp-json\/wp\/v2\/categories?post=59045"},{"taxonomy":"post_tag","embeddable":true,"href":"https:\/\/giurgiu-net.ro\/index.php\/wp-json\/wp\/v2\/tags?post=59045"}],"curies":[{"name":"wp","href":"https:\/\/api.w.org\/{rel}","templated":true}]}}