{"id":58796,"date":"2018-03-11T13:01:10","date_gmt":"2018-03-11T11:01:10","guid":{"rendered":"http:\/\/giurgiu-net.ro\/?p=58796"},"modified":"2018-03-11T13:01:10","modified_gmt":"2018-03-11T11:01:10","slug":"galerie-foto-care-sunt-giurgiuvenii-care-au-participat-la-congresul-extraordinar-al-partidului-social-democrat","status":"publish","type":"post","link":"https:\/\/giurgiu-net.ro\/index.php\/2018\/03\/11\/galerie-foto-care-sunt-giurgiuvenii-care-au-participat-la-congresul-extraordinar-al-partidului-social-democrat\/","title":{"rendered":"GALERIE FOTO: Care sunt giurgiuvenii care au participat la Congresul Extraordinar al Partidului Social Democrat"},"content":{"rendered":"<p>Peste 4.000 de oameni din toat\u0103 \u0163ara s-au reunit s\u00e2mb\u0103t\u0103, 10 martie, la Sala Palatului, la Congresul Extraordinar al Partidului Social-Democrat.<!--more--><\/p>\n<p>Delega\u0163ia de la Giurgiu a reunit peste 100 de persoane. Vorbim despre primarii giurgiuveni, \u015fefii structurilor PSD(pre\u015fedintele Marian Mina, pre\u015fedintele de la municipiu, Nicolae Barbu, liderul pensionarilor, Dan Cristescu, \u015fefa de la OFSD, Crina Stoianovici, liderul de la tineret Ionu\u0163 Barbu, tinerii PES Activists condu\u015fi de George P\u0103l\u0103l\u0103u, vicepre\u015fedinte al OFSD la nivel central, Aurelia Dobre, dar \u015fi parlamentarii de Giurgiu: Niculae B\u0103d\u0103l\u0103u, Cristian Marciu, Elena Dinu, Alexandru Andrei, R\u0103zvan Cuc, precum \u015fi al\u0163i membri ai Biroului Politic Jude\u0163ean.<\/p>\n<p>PSD Giurgiu a avut pl\u0103cerea s\u0103 ocupe r\u00e2ndurile din fa\u0163\u0103, \u00een dreapta oficialit\u0103\u0163ilor centrale.<\/p>\n<p><strong>CLICK PE IMAGINI PENTRU A LE M\u0102RI!<\/strong><\/p>\n\n<p>\u00cen cadrul Congresului au fost alegeri pentru pre\u015fedintele executiv, secretarul general \u015fi vicepre\u015fedin\u0163ii PSD.<\/p>\n<p>Chiar dac\u0103 &#8222;peste drum&#8221; de Sala Palatului, circa 100 de persoane, incitate \u00een cel mai&#8230; penal mod cu putin\u0163\u0103 de un a\u015fa-zis jurnalist central, au f\u0103cut g\u0103l\u0103gie continuu pe durata Congresului, trebuie men\u0163ionat c\u0103 datorit\u0103 for\u0163elor de ordine \u015fi a organizatorilor nu s-a \u00eenregistrat niciun incident.<\/p>\n<p>MAI MULTE IMAGINI CU DELEGA\u0162IA PSD GIURGIU, AICI:<a href=\"https:\/\/www.facebook.com\/pg\/Giurgiu-Net-Oficial-1869080486709220\/photos\/?tab=album&amp;album_id=2088057784811488\" target=\"_blank\" rel=\"noopener\">\u00a0https:\/\/www.facebook.com\/pg\/Giurgiu-Net-Oficial-1869080486709220\/photos\/?tab=album&amp;album_id=2088057784811488<\/a><\/p>\n<p>Text \u015fi foto: C\u0103t\u0103lina Sfetcu<\/p>\n<p>&nbsp;<\/p>\n","protected":false},"excerpt":{"rendered":"<p>Peste 4.000 de oameni din toat\u0103 \u0163ara s-au reunit s\u00e2mb\u0103t\u0103, 10 martie, la Sala Palatului, la Congresul Extraordinar al Partidului Social-Democrat.<\/p>\n","protected":false},"author":1,"featured_media":58848,"comment_status":"open","ping_status":"open","sticky":false,"template":"","format":"standard","meta":{"slim_seo":{"title":"GALERIE FOTO: Care sunt giurgiuvenii care au participat la Congresul Extraordinar al Partidului Social Democrat - GIURGIU NET","description":"Peste 4.000 de oameni din toat\u0103 \u0163ara s-au reunit s\u00e2mb\u0103t\u0103, 10 martie, la Sala Palatului, la Congresul Extraordinar al Partidului Social-Democrat. Delega\u0163ia de la"},"footnotes":""},"categories":[18,25],"tags":[705,1025,1626],"class_list":["post-58796","post","type-post","status-publish","format-standard","has-post-thumbnail","category-actual","category-pol","tag-congres-psd","tag-elena-dinu","tag-marian-mina"],"_links":{"self":[{"href":"https:\/\/giurgiu-net.ro\/index.php\/wp-json\/wp\/v2\/posts\/58796","targetHints":{"allow":["GET"]}}],"collection":[{"href":"https:\/\/giurgiu-net.ro\/index.php\/wp-json\/wp\/v2\/posts"}],"about":[{"href":"https:\/\/giurgiu-net.ro\/index.php\/wp-json\/wp\/v2\/types\/post"}],"author":[{"embeddable":true,"href":"https:\/\/giurgiu-net.ro\/index.php\/wp-json\/wp\/v2\/users\/1"}],"replies":[{"embeddable":true,"href":"https:\/\/giurgiu-net.ro\/index.php\/wp-json\/wp\/v2\/comments?post=58796"}],"version-history":[{"count":0,"href":"https:\/\/giurgiu-net.ro\/index.php\/wp-json\/wp\/v2\/posts\/58796\/revisions"}],"wp:attachment":[{"href":"https:\/\/giurgiu-net.ro\/index.php\/wp-json\/wp\/v2\/media?parent=58796"}],"wp:term":[{"taxonomy":"category","embeddable":true,"href":"https:\/\/giurgiu-net.ro\/index.php\/wp-json\/wp\/v2\/categories?post=58796"},{"taxonomy":"post_tag","embeddable":true,"href":"https:\/\/giurgiu-net.ro\/index.php\/wp-json\/wp\/v2\/tags?post=58796"}],"curies":[{"name":"wp","href":"https:\/\/api.w.org\/{rel}","templated":true}]}}