{"id":58752,"date":"2018-03-09T12:37:57","date_gmt":"2018-03-09T10:37:57","guid":{"rendered":"http:\/\/giurgiu-net.ro\/?p=58752"},"modified":"2018-03-09T12:37:57","modified_gmt":"2018-03-09T10:37:57","slug":"galerie-foto-ce-petrecere-frumoasa-a-dat-primarul-aurel-enache-pentru-doamnele-din-comana","status":"publish","type":"post","link":"https:\/\/giurgiu-net.ro\/index.php\/2018\/03\/09\/galerie-foto-ce-petrecere-frumoasa-a-dat-primarul-aurel-enache-pentru-doamnele-din-comana\/","title":{"rendered":"GALERIE FOTO: Ce petrecere frumoas\u0103 a dat primarul Aurel Enache pentru doamnele din Comana!"},"content":{"rendered":"<p>Evenimentul a avut loc joi, 8 martie, la &#8222;Salonul din P\u0103dure&#8221;, parte a frumoasei Case Comana.<!--more--><\/p>\n<p>Au r\u0103spuns invita\u0163iei primarului Aurel Enache circa 300 de doamne \u015fi domni\u015foare care s-au distrat pe cinste, de Ziua Femeii.<\/p>\n<p><strong>CLICK PE IMAGINI PENTRU A LE M\u0102RI!<\/strong><\/p>\n<p>&nbsp;<\/p>\n\n<p>&nbsp;<\/p>\n<p>La petrecerea de seara trecut\u0103, au fost \u015fi oaspe\u0163i speciali, precum\u00a0pre\u015fedintele executiv al PSD central, Niculae B\u0103d\u0103l\u0103u, pre\u015fedintele PSD Giurgiu, Marian Mina, deputatul Cristina Elena Dinu, dar \u015fi doamnele director ale unor institu\u0163ii giurgiuvene.<\/p>\n\n<p>FOTO: C\u0103t\u0103lina Sfetcu<\/p>\n<p>Mai multe imagini de la petrecerea de asear\u0103, AICI:<a href=\"https:\/\/www.facebook.com\/pg\/Giurgiu-Net-Oficial-1869080486709220\/photos\/?tab=album&amp;album_id=2087011564916110\" target=\"_blank\" rel=\"noopener\">\u00a0https:\/\/www.facebook.com\/pg\/Giurgiu-Net-Oficial-1869080486709220\/photos\/?tab=album&amp;album_id=2087011564916110<\/a><\/p>\n","protected":false},"excerpt":{"rendered":"<p>Evenimentul a avut loc joi, 8 martie, la &#8222;Salonul din P\u0103dure&#8221;, parte a frumoasei Case Comana.<\/p>\n","protected":false},"author":1,"featured_media":58794,"comment_status":"open","ping_status":"open","sticky":false,"template":"","format":"standard","meta":{"slim_seo":{"title":"GALERIE FOTO: Ce petrecere frumoas\u0103 a dat primarul Aurel Enache pentru doamnele din Comana! - GIURGIU NET","description":"Evenimentul a avut loc joi, 8 martie, la \"Salonul din P\u0103dure\", parte a frumoasei Case Comana. Au r\u0103spuns invita\u0163iei primarului Aurel Enache circa 300 de doamne"},"footnotes":""},"categories":[18,31],"tags":[317,668,901,1718],"class_list":["post-58752","post","type-post","status-publish","format-standard","has-post-thumbnail","category-actual","category-mon","tag-badalau","tag-comana","tag-dinu","tag-mina"],"_links":{"self":[{"href":"https:\/\/giurgiu-net.ro\/index.php\/wp-json\/wp\/v2\/posts\/58752","targetHints":{"allow":["GET"]}}],"collection":[{"href":"https:\/\/giurgiu-net.ro\/index.php\/wp-json\/wp\/v2\/posts"}],"about":[{"href":"https:\/\/giurgiu-net.ro\/index.php\/wp-json\/wp\/v2\/types\/post"}],"author":[{"embeddable":true,"href":"https:\/\/giurgiu-net.ro\/index.php\/wp-json\/wp\/v2\/users\/1"}],"replies":[{"embeddable":true,"href":"https:\/\/giurgiu-net.ro\/index.php\/wp-json\/wp\/v2\/comments?post=58752"}],"version-history":[{"count":0,"href":"https:\/\/giurgiu-net.ro\/index.php\/wp-json\/wp\/v2\/posts\/58752\/revisions"}],"wp:attachment":[{"href":"https:\/\/giurgiu-net.ro\/index.php\/wp-json\/wp\/v2\/media?parent=58752"}],"wp:term":[{"taxonomy":"category","embeddable":true,"href":"https:\/\/giurgiu-net.ro\/index.php\/wp-json\/wp\/v2\/categories?post=58752"},{"taxonomy":"post_tag","embeddable":true,"href":"https:\/\/giurgiu-net.ro\/index.php\/wp-json\/wp\/v2\/tags?post=58752"}],"curies":[{"name":"wp","href":"https:\/\/api.w.org\/{rel}","templated":true}]}}