{"id":58467,"date":"2018-02-22T12:30:36","date_gmt":"2018-02-22T10:30:36","guid":{"rendered":"http:\/\/giurgiu-net.ro\/?p=58467"},"modified":"2018-02-22T12:30:36","modified_gmt":"2018-02-22T10:30:36","slug":"ce-s-a-discutat-la-adunarea-generala-a-uniunii-nationale-a-consiliilor-judetene-din-romania","status":"publish","type":"post","link":"https:\/\/giurgiu-net.ro\/index.php\/2018\/02\/22\/ce-s-a-discutat-la-adunarea-generala-a-uniunii-nationale-a-consiliilor-judetene-din-romania\/","title":{"rendered":"Ce s-a discutat la Adunarea General\u0103 a Uniunii Na\u0163ionale a Consiliilor Jude\u0163ene din Rom\u00e2nia?"},"content":{"rendered":"<p><!--more-->La evenimentul desf\u0103\u015furat, joi, 22 februarie, la Senat, a participat \u015fi pre\u015fedintele Consiliului Jude\u0163ean Giurgiu, Marian Mina.<\/p>\n<p>El a postat pe pagina sa de Facebook urm\u0103torul mesaj: &#8222;Am participat ast\u0103zi la Adunarea general\u0103 a Uniunii Na\u0163ionale a Consiliilor Jude\u0163ene din Rom\u00e2nia, unde s-a discutat despre gradul de absorb\u0163ie a fondurilor europene pe Programul Opera\u0163ional Regional, fiind identificate probleme \u0219i posibile solu\u021bii pentru cre\u0219terea gradului de absorb\u021bie&#8221;.<\/p>\n","protected":false},"excerpt":{"rendered":"","protected":false},"author":1,"featured_media":58468,"comment_status":"open","ping_status":"open","sticky":false,"template":"","format":"standard","meta":{"slim_seo":{"title":"Ce s-a discutat la Adunarea General\u0103 a Uniunii Na\u0163ionale a Consiliilor Jude\u0163ene din Rom\u00e2nia? - GIURGIU NET","description":"La evenimentul desf\u0103\u015furat, joi, 22 februarie, la Senat, a participat \u015fi pre\u015fedintele Consiliului Jude\u0163ean Giurgiu, Marian Mina. El a postat pe pagina sa de Face"},"footnotes":""},"categories":[18,19],"tags":[1626],"class_list":{"0":"post-58467","1":"post","2":"type-post","3":"status-publish","4":"format-standard","5":"has-post-thumbnail","7":"category-actual","8":"category-adm","9":"tag-marian-mina"},"_links":{"self":[{"href":"https:\/\/giurgiu-net.ro\/index.php\/wp-json\/wp\/v2\/posts\/58467","targetHints":{"allow":["GET"]}}],"collection":[{"href":"https:\/\/giurgiu-net.ro\/index.php\/wp-json\/wp\/v2\/posts"}],"about":[{"href":"https:\/\/giurgiu-net.ro\/index.php\/wp-json\/wp\/v2\/types\/post"}],"author":[{"embeddable":true,"href":"https:\/\/giurgiu-net.ro\/index.php\/wp-json\/wp\/v2\/users\/1"}],"replies":[{"embeddable":true,"href":"https:\/\/giurgiu-net.ro\/index.php\/wp-json\/wp\/v2\/comments?post=58467"}],"version-history":[{"count":0,"href":"https:\/\/giurgiu-net.ro\/index.php\/wp-json\/wp\/v2\/posts\/58467\/revisions"}],"wp:featuredmedia":[{"embeddable":true,"href":"https:\/\/giurgiu-net.ro\/index.php\/wp-json\/"}],"wp:attachment":[{"href":"https:\/\/giurgiu-net.ro\/index.php\/wp-json\/wp\/v2\/media?parent=58467"}],"wp:term":[{"taxonomy":"category","embeddable":true,"href":"https:\/\/giurgiu-net.ro\/index.php\/wp-json\/wp\/v2\/categories?post=58467"},{"taxonomy":"post_tag","embeddable":true,"href":"https:\/\/giurgiu-net.ro\/index.php\/wp-json\/wp\/v2\/tags?post=58467"}],"curies":[{"name":"wp","href":"https:\/\/api.w.org\/{rel}","templated":true}]}}