{"id":58446,"date":"2018-02-22T10:41:00","date_gmt":"2018-02-22T08:41:00","guid":{"rendered":"http:\/\/giurgiu-net.ro\/?p=58446"},"modified":"2018-02-22T10:41:00","modified_gmt":"2018-02-22T08:41:00","slug":"ninge-ca-in-povesti-la-giurgiu-cum-va-fi-vremea-in-zilele-urmatoare","status":"publish","type":"post","link":"https:\/\/giurgiu-net.ro\/index.php\/2018\/02\/22\/ninge-ca-in-povesti-la-giurgiu-cum-va-fi-vremea-in-zilele-urmatoare\/","title":{"rendered":"Ninge ca \u00een pove\u015fti, la Giurgiu! Cum va fi vremea \u00een zilele urm\u0103toare?"},"content":{"rendered":"<p><!--more--><\/p>\n<p>0 grade \u015fi ninsoare abundent\u0103. De acestea vom avea parte \u015fi \u00een urm\u0103toarele ore, potrivit site-urilor de specialitate.<\/p>\n<p>De m\u00e2ine, \u00eens\u0103, la Giurgiu, vremea se va \u00eendrepta, nu vor mai fi a\u015fteptate precipita\u0163ii, iar maximele vor urca p\u00e2n\u0103 la 3 grade, urm\u00e2nd ca s\u00e2mb\u0103t\u0103 s\u0103 fie posibile, din nou, ninsori.<\/p>\n<p><img loading=\"lazy\" decoding=\"async\" class=\"alignnone size-full wp-image-58447\" src=\"https:\/\/giurgiu-net.ro\/wp-content\/uploads\/2018\/02\/vremeaaa.jpg\" alt=\"\" width=\"694\" height=\"480\" \/><\/p>\n<p>Precipita\u0163ii \u00eensemnate cantitativ vor c\u0103dea \u015fi s\u0103pt\u0103m\u00e2na viitoare iar noi v\u0103 vom \u0163ine la curent cu toate informa\u0163iile transmise de c\u0103tre meteorologi.<\/p>\n","protected":false},"excerpt":{"rendered":"","protected":false},"author":1,"featured_media":43246,"comment_status":"open","ping_status":"open","sticky":false,"template":"","format":"standard","meta":{"slim_seo":{"title":"Ninge ca \u00een pove\u015fti, la Giurgiu! Cum va fi vremea \u00een zilele urm\u0103toare? - GIURGIU NET","description":"0 grade \u015fi ninsoare abundent\u0103. De acestea vom avea parte \u015fi \u00een urm\u0103toarele ore, potrivit site-urilor de specialitate. De m\u00e2ine, \u00eens\u0103, la Giurgiu, vremea se va \u00ee"},"footnotes":""},"categories":[18,26],"tags":[2795],"class_list":{"0":"post-58446","1":"post","2":"type-post","3":"status-publish","4":"format-standard","5":"has-post-thumbnail","7":"category-actual","8":"category-soc","9":"tag-zapada"},"_links":{"self":[{"href":"https:\/\/giurgiu-net.ro\/index.php\/wp-json\/wp\/v2\/posts\/58446","targetHints":{"allow":["GET"]}}],"collection":[{"href":"https:\/\/giurgiu-net.ro\/index.php\/wp-json\/wp\/v2\/posts"}],"about":[{"href":"https:\/\/giurgiu-net.ro\/index.php\/wp-json\/wp\/v2\/types\/post"}],"author":[{"embeddable":true,"href":"https:\/\/giurgiu-net.ro\/index.php\/wp-json\/wp\/v2\/users\/1"}],"replies":[{"embeddable":true,"href":"https:\/\/giurgiu-net.ro\/index.php\/wp-json\/wp\/v2\/comments?post=58446"}],"version-history":[{"count":0,"href":"https:\/\/giurgiu-net.ro\/index.php\/wp-json\/wp\/v2\/posts\/58446\/revisions"}],"wp:featuredmedia":[{"embeddable":true,"href":"https:\/\/giurgiu-net.ro\/index.php\/wp-json\/"}],"wp:attachment":[{"href":"https:\/\/giurgiu-net.ro\/index.php\/wp-json\/wp\/v2\/media?parent=58446"}],"wp:term":[{"taxonomy":"category","embeddable":true,"href":"https:\/\/giurgiu-net.ro\/index.php\/wp-json\/wp\/v2\/categories?post=58446"},{"taxonomy":"post_tag","embeddable":true,"href":"https:\/\/giurgiu-net.ro\/index.php\/wp-json\/wp\/v2\/tags?post=58446"}],"curies":[{"name":"wp","href":"https:\/\/api.w.org\/{rel}","templated":true}]}}