{"id":58442,"date":"2018-02-22T10:24:12","date_gmt":"2018-02-22T08:24:12","guid":{"rendered":"http:\/\/giurgiu-net.ro\/?p=58442"},"modified":"2018-02-22T10:24:12","modified_gmt":"2018-02-22T08:24:12","slug":"startul-returului-nu-se-amana-in-liga-iv-si-liga-v","status":"publish","type":"post","link":"https:\/\/giurgiu-net.ro\/index.php\/2018\/02\/22\/startul-returului-nu-se-amana-in-liga-iv-si-liga-v\/","title":{"rendered":"Startul returului nu se aman\u0103 \u00een Liga IV \u0219i Liga V"},"content":{"rendered":"<div>\n<div class=\"m_-3126593478548173921ydpd3969d59yiv5630475554ydpa9d5284adetalii m_-3126593478548173921ydpd3969d59yiv5630475554ydpa9d5284aclearfix\">Biroul Executiv al AJF Giurgiu a aprobat datele de \u00eencepere ale \u00eentrecerilor din sezonul de prim\u0103var\u0103.<\/div>\n<div><\/div>\n<div class=\"m_-3126593478548173921ydpd3969d59yiv5630475554ydpa9d5284adetalii m_-3126593478548173921ydpd3969d59yiv5630475554ydpa9d5284aclearfix\">Astfel, returul Ligii a IV-a va debuta \u00een 3 martie, iar la Liga a V-a competi\u0163ia se va relua \u00een 11 martie.<\/div>\n<div><\/div>\n<div class=\"m_-3126593478548173921ydpd3969d59yiv5630475554ydpa9d5284adetalii m_-3126593478548173921ydpd3969d59yiv5630475554ydpa9d5284aclearfix\">\u00cen Liga IV sunt programate dou\u0103 etape intermediare. Finala Cupei Rom\u00e2niei, edi\u021bia 2018-2019, se va desf\u0103\u0219ura \u00een localitatea Flore\u0219ti.<\/div>\n<div class=\"m_-3126593478548173921ydpd3969d59yiv5630475554ydpa9d5284adetalii m_-3126593478548173921ydpd3969d59yiv5630475554ydpa9d5284aclearfix\"><\/div>\n<div class=\"m_-3126593478548173921ydpd3969d59yiv5630475554ydpa9d5284adetalii m_-3126593478548173921ydpd3969d59yiv5630475554ydpa9d5284aclearfix\">Echipele din liga IV care nu au terenurile regulamentare &#8211; termen de remediere , p\u00e2n\u0103 pe data de 28.02.2018.<\/div>\n<div class=\"m_-3126593478548173921ydpd3969d59yiv5630475554ydpa9d5284adetalii m_-3126593478548173921ydpd3969d59yiv5630475554ydpa9d5284aclearfix\">Echipele cu probleme: AS SINGURENI, AS IEPURE\u0218TI, ZMEII OGREZENI, VIITORUL T\u00eeNTAVA, UNIREA V\u00ceN\u0102TORI, UNIREA COSOBA, VIITORUL VEDEA,UNIREA FR\u0102TE\u0218TI.<\/div>\n<div class=\"m_-3126593478548173921ydpd3969d59yiv5630475554ydpa9d5284adetalii m_-3126593478548173921ydpd3969d59yiv5630475554ydpa9d5284aclearfix\">LUCEAF\u0102RUL TRESTIENI &#8211; \u00ee\u0219i desf\u0103\u0219oar\u0103 jocurile de pe teren propriu \u00een localitatea Mihai Vod\u0103.<\/div>\n<div class=\"m_-3126593478548173921ydpd3969d59yiv5630475554ydpa9d5284adetalii m_-3126593478548173921ydpd3969d59yiv5630475554ydpa9d5284aclearfix\">Pentru grupele de juniori \u00eenceperea returului va fi anun\u021bat \u00een timp util.<\/div>\n<\/div>\n<p>&nbsp;<\/p>\n<div class=\"yj6qo\"><\/div>\n","protected":false},"excerpt":{"rendered":"<p>Biroul Executiv al AJF Giurgiu a aprobat datele de \u00eencepere ale \u00eentrecerilor din sezonul de prim\u0103var\u0103. Astfel, returul Ligii a IV-a va debuta \u00een 3 martie, iar la Liga a V-a competi\u0163ia se va relua \u00een 11 martie. \u00cen Liga IV sunt programate dou\u0103 etape intermediare. Finala Cupei Rom\u00e2niei, edi\u021bia 2018-2019, se va desf\u0103\u0219ura \u00een [&hellip;]<\/p>\n","protected":false},"author":1,"featured_media":58443,"comment_status":"open","ping_status":"open","sticky":false,"template":"","format":"standard","meta":{"slim_seo":{"title":"Startul returului nu se aman\u0103 \u00een Liga IV \u0219i Liga V - GIURGIU NET","description":"Biroul Executiv al AJF Giurgiu a aprobat datele de \u00eencepere ale \u00eentrecerilor din sezonul de prim\u0103var\u0103. Astfel, returul Ligii a IV-a va debuta \u00een 3 martie, iar l"},"footnotes":""},"categories":[18,27],"tags":[1142],"class_list":{"0":"post-58442","1":"post","2":"type-post","3":"status-publish","4":"format-standard","5":"has-post-thumbnail","7":"category-actual","8":"category-spo","9":"tag-fotbal"},"_links":{"self":[{"href":"https:\/\/giurgiu-net.ro\/index.php\/wp-json\/wp\/v2\/posts\/58442","targetHints":{"allow":["GET"]}}],"collection":[{"href":"https:\/\/giurgiu-net.ro\/index.php\/wp-json\/wp\/v2\/posts"}],"about":[{"href":"https:\/\/giurgiu-net.ro\/index.php\/wp-json\/wp\/v2\/types\/post"}],"author":[{"embeddable":true,"href":"https:\/\/giurgiu-net.ro\/index.php\/wp-json\/wp\/v2\/users\/1"}],"replies":[{"embeddable":true,"href":"https:\/\/giurgiu-net.ro\/index.php\/wp-json\/wp\/v2\/comments?post=58442"}],"version-history":[{"count":0,"href":"https:\/\/giurgiu-net.ro\/index.php\/wp-json\/wp\/v2\/posts\/58442\/revisions"}],"wp:featuredmedia":[{"embeddable":true,"href":"https:\/\/giurgiu-net.ro\/index.php\/wp-json\/"}],"wp:attachment":[{"href":"https:\/\/giurgiu-net.ro\/index.php\/wp-json\/wp\/v2\/media?parent=58442"}],"wp:term":[{"taxonomy":"category","embeddable":true,"href":"https:\/\/giurgiu-net.ro\/index.php\/wp-json\/wp\/v2\/categories?post=58442"},{"taxonomy":"post_tag","embeddable":true,"href":"https:\/\/giurgiu-net.ro\/index.php\/wp-json\/wp\/v2\/tags?post=58442"}],"curies":[{"name":"wp","href":"https:\/\/api.w.org\/{rel}","templated":true}]}}