{"id":58262,"date":"2018-02-16T10:18:08","date_gmt":"2018-02-16T08:18:08","guid":{"rendered":"http:\/\/giurgiu-net.ro\/?p=58262"},"modified":"2018-02-16T10:18:08","modified_gmt":"2018-02-16T08:18:08","slug":"bilant-la-prefectura-giurgiu-ce-mesaj-a-transmis-presedintele-cj-giurgiu-dupa-eveniment","status":"publish","type":"post","link":"https:\/\/giurgiu-net.ro\/index.php\/2018\/02\/16\/bilant-la-prefectura-giurgiu-ce-mesaj-a-transmis-presedintele-cj-giurgiu-dupa-eveniment\/","title":{"rendered":"Bilan\u0163 la Prefectura Giurgiu. Ce mesaj a transmis pre\u015fedintele CJ Giurgiu, dup\u0103 eveniment?"},"content":{"rendered":"<p><!--more--><\/p>\n<p>&#8222;Am fost onorat s\u0103 particip ast\u0103zi(joi, 15 februarie, n.r.), al\u0103turi de domnul senator Niculae B\u0103d\u0103l\u0103u, doamna prefect, doamna subprefect \u0219i ceilal\u021bi invita\u021bi la prezentarea bilan\u021bului activit\u0103\u021bii Institu\u021biei Prefectului Giurgiu \u00een anul 2017.<\/p>\n<p>I-am felicitat pentru rezultatele ob\u021binute, rezultate care nu ar fi putut fi atinse f\u0103r\u0103 implicarea nemijlocit\u0103 a doamnei prefect, \u00een care at\u00e2t Consiliul Jude\u0163ean Giurgiu, c\u00e2t \u015fi celelalte autorit\u0103\u0163i \u015fi institu\u0163ii publice au avut un partener de \u00eencred<span class=\"text_exposed_show\">ere.<br \/>\n<\/span><\/p>\n<p><span class=\"text_exposed_show\">Profesionalismul, impar\u0163ialitatea \u015fi obiectivitatea sunt principii de baz\u0103 care ghideaz\u0103 activitatea Institu\u0163iei Prefectului \u015fi pe care doamna prefect le-a insuflat, la r\u00e2ndul s\u0103u, tuturor celor cu care a colaborat.<br \/>\n<\/span><\/p>\n<p><span class=\"text_exposed_show\">Cred c\u0103 nu m-am \u00een\u015felat dac\u0103 am afirmat c\u0103 doamna prefect are cel mai longeviv mandat dintre colegii dumneaei, iar la acest record nu a ajuns dec\u00e2t datorit\u0103 competen\u0163ei, profesionalismului \u015fi exigen\u0163ei de care a dat dintotdeauna dovad\u0103, reu\u015find cu succes s\u0103 vegheze la respectarea legilor \u015fi s\u0103 asigure un climat de siguran\u0163\u0103 \u015fi lini\u015fte \u00een \u00eentregul jude\u0163.<br \/>\n<\/span><\/p>\n<p><span class=\"text_exposed_show\">Am \u021binut s\u0103 subliniez colaborarea institu\u0163ional\u0103 foarte bun\u0103 care exist\u0103 de un an \u00eentre Consiliul Jude\u0163ean Giurgiu \u015fi Institu\u0163ia Prefectului Giurgiu, colaborare care \u00eemi doresc a fi c\u00e2t mai lung\u0103 \u015fi fructuoas\u0103.<\/span><\/p>\n<p><span class=\"text_exposed_show\"><br \/>\n\u00cenc\u0103 o dat\u0103\u00a0<span id=\"u_fetchstream_14_7\" class=\"_ezo\">felicit\u0103ri<\/span>\u00a0\u015fi \u00eemi exprim certitudinea c\u0103 \u015fi pe viitor vom forma o echip\u0103 al c\u0103rei unic scop va fi asigurarea bun\u0103st\u0103rii \u015fi siguran\u0163ei cet\u0103\u0163enilor jude\u0163ului Giurgiu&#8221;, a scris Mina pe Facebook.<\/span><\/p>\n","protected":false},"excerpt":{"rendered":"","protected":false},"author":1,"featured_media":58263,"comment_status":"open","ping_status":"open","sticky":false,"template":"","format":"standard","meta":{"slim_seo":{"title":"Bilan\u0163 la Prefectura Giurgiu. Ce mesaj a transmis pre\u015fedintele CJ Giurgiu, dup\u0103 eveniment? - GIURGIU NET","description":"\"Am fost onorat s\u0103 particip ast\u0103zi(joi, 15 februarie, n.r.), al\u0103turi de domnul senator Niculae B\u0103d\u0103l\u0103u, doamna prefect, doamna subprefect \u0219i ceilal\u021bi invita\u021bi l"},"footnotes":""},"categories":[18,19,26],"tags":[1626,2121],"class_list":["post-58262","post","type-post","status-publish","format-standard","has-post-thumbnail","category-actual","category-adm","category-soc","tag-marian-mina","tag-prefectura"],"_links":{"self":[{"href":"https:\/\/giurgiu-net.ro\/index.php\/wp-json\/wp\/v2\/posts\/58262","targetHints":{"allow":["GET"]}}],"collection":[{"href":"https:\/\/giurgiu-net.ro\/index.php\/wp-json\/wp\/v2\/posts"}],"about":[{"href":"https:\/\/giurgiu-net.ro\/index.php\/wp-json\/wp\/v2\/types\/post"}],"author":[{"embeddable":true,"href":"https:\/\/giurgiu-net.ro\/index.php\/wp-json\/wp\/v2\/users\/1"}],"replies":[{"embeddable":true,"href":"https:\/\/giurgiu-net.ro\/index.php\/wp-json\/wp\/v2\/comments?post=58262"}],"version-history":[{"count":0,"href":"https:\/\/giurgiu-net.ro\/index.php\/wp-json\/wp\/v2\/posts\/58262\/revisions"}],"wp:attachment":[{"href":"https:\/\/giurgiu-net.ro\/index.php\/wp-json\/wp\/v2\/media?parent=58262"}],"wp:term":[{"taxonomy":"category","embeddable":true,"href":"https:\/\/giurgiu-net.ro\/index.php\/wp-json\/wp\/v2\/categories?post=58262"},{"taxonomy":"post_tag","embeddable":true,"href":"https:\/\/giurgiu-net.ro\/index.php\/wp-json\/wp\/v2\/tags?post=58262"}],"curies":[{"name":"wp","href":"https:\/\/api.w.org\/{rel}","templated":true}]}}