{"id":57947,"date":"2018-01-31T14:17:30","date_gmt":"2018-01-31T12:17:30","guid":{"rendered":"http:\/\/giurgiu-net.ro\/?p=57947"},"modified":"2018-01-31T14:17:30","modified_gmt":"2018-01-31T12:17:30","slug":"pnl-istul-velicu-pus-la-punct-de-un-director-din-cj-giurgiu-nu-suntem-sclavii-dumitale","status":"publish","type":"post","link":"https:\/\/giurgiu-net.ro\/index.php\/2018\/01\/31\/pnl-istul-velicu-pus-la-punct-de-un-director-din-cj-giurgiu-nu-suntem-sclavii-dumitale\/","title":{"rendered":"PNL-istul Velicu, pus la punct de un director din CJ Giurgiu: Nu suntem sclavii dumitale!"},"content":{"rendered":"<p>Discu\u0163ii aprinse a iscat, azi, \u00een \u015fedin\u0163a ordinar\u0103 a Consiliului Jude\u0163ean Giurgiu, punctul privind modific\u0103rile salariale survenite \u00een urma trecerii contribu\u0163iilor de la angajat la angajator.<!--more--><\/p>\n<p>Dezbaterile la nivel na\u0163ional pe acest subiect le-a\u0163i urm\u0103rit, cu siguran\u0163\u0103. Voci neautorizate, nepregtite \u015fi exclusiv r\u0103ut\u0103cioase urlau c\u0103: ba scad salariile, ba vor cre\u015fte contribu\u0163iile, oricum, propaganda PNL-isto-USR-ist\u0103 o d\u0103dea ca pe-o apocalips\u0103 \u00een buzunarele rom\u00e2nilor.<\/p>\n<p>A\u015fa cum au explicat speciali\u015ftii la momentul respectiv, iat\u0103 c\u0103 nu au sc\u0103zut nici salariile, nici contribu\u0163iile nu au crescut, ba chiar procentul s-a redus de la 55% la 47%.<\/p>\n<p>Dar modific\u0103ri au ap\u0103rut, ce-i drept, prin majorarea salariului brut \u015fi, da, deocamdat\u0103 sensibil a celui net. MAJORARE! Adic\u0103 toat\u0103 lumea are de c\u00e2\u015ftigat.<\/p>\n<p>\u00cen acest sens, toate administra\u0163iile publice locale trebuie s\u0103 treac\u0103, \u00een baza Ordonan\u0163elor de Guvern aferente, prin \u015fedin\u0163e, proiecte de hot\u0103r\u00e2re cu modific\u0103rile impuse.<\/p>\n<p>PNL-i\u015ftii Florian Velicu \u015fi Nicu\u015for Iacob, cu lec\u0163iile politice f\u0103cute <strong>p\u0103<\/strong>(vorba lu&#8217; Nicu\u015for) pietonal\u0103, au \u00eenceput cu: aaaa, nu mai min\u0163i\u0163i poporu\u2019 cu televizoru\u2019 pentru c\u0103 nu cresc salariile nete! Cu c\u00e2t pleac\u0103 omul acas\u0103 \u00een buzunar, e? Aaaa, e nenorocire mare c\u0103 &#8230; c\u00e2t au vicepre\u015fedin\u0163ii salariul? Etc.<\/p>\n<p>Speciali\u015ftii din CJ, dar \u015fi pre\u015fedintele Marian Mina au \u00eencercat s\u0103 le explice b\u0103ie\u0163ilor ce v-am spus \u015fi noi mai sus. Domniile lor o \u0163ineau p-a \u015fefului Anton, of course!<\/p>\n<p>P\u00e2n\u0103 \u015fi Vasile Must\u0103\u0163ea(ALDE) \u015fi-a ie\u015fit un strop din fire \u015fi le-a reamintit PNL-i\u015ftilor c\u0103 \u201enu e competen\u0163a noastr\u0103 s\u0103 analiz\u0103m oportunitatea actelor normative. Merge\u0163i \u00een Parlament \u015fi propune\u0163i acolo legi!\u201d. Al\u0163ii le-au spus PNL-i\u015ftilor c\u0103 astfel de discu\u0163ii trebuie purtate la conferin\u0163ele de pres\u0103 la partid. Al\u0163ii le-au amintit de major\u0103rile semnificative ale salariului net \u00een administra\u0163ie, de anul trecut.<\/p>\n<p>Velicu a insistat cu-a \u015fefului, adres\u00e2ndu-se directorului economic, Florentina St\u0103nculescu, \u015fi i-a cerut s\u0103 dea un exemplu de salariu pe care \u00eel avea un angajat p\u00e2n\u0103 la modific\u0103ri \u015fi dup\u0103.<\/p>\n<p>Doar c\u0103 n-a l\u0103sat-o s\u0103 termine. Ea a apucat s\u0103 spun\u0103 c\u0103 poate \u00eencepe cu exemplul indemniza\u0163iei lui Velicu, faz\u0103 la care acesta din urm\u0103 a izbucnit: <strong>&#8222;Dar ce facem aici, dialog?&#8221;<\/strong><\/p>\n<p>P\u0103i, da, stimabile, c\u0103 \u00een <strong>CJ Giurgiu nu e dictatura de la \u015fedin\u0163ele PNL!<\/strong> Auzi cine vorbea de dictatori \u015fi dictatur\u0103&#8230;<\/p>\n<p>\u00cen Consiliul Jude\u0163ean sunt purtate <strong>dialoguri<\/strong>, constructive dac\u0103 se poate, domnule Velicu, \u00een interesul cet\u0103\u0163eanului dac\u0103 se poate, domnule Velicu, pentru c\u0103 d-aia sunte\u0163i acolo!<\/p>\n<p>Florentina St\u0103nculescu i-a atras aten\u0163ia lui Velicu asupra tonului folosit \u015fi i-a reamintit: <em>&#8222;\u00centre noi, domnule consilier, nu exist\u0103 raport de subordonare! Nu m\u0103 trata\u0163i ca pe un sclav, c\u0103 nu suntem sclavii dumitale! V\u0103 r\u0103spund dac\u0103 \u00eemi spune pre\u015fedintele Mina care este \u015feful meu!&#8221;<\/em><\/p>\n<p>At\u00e2t.<\/p>\n<p>Bravo, doamna St\u0103nculescu!<\/p>\n<p>&nbsp;<\/p>\n","protected":false},"excerpt":{"rendered":"<p>Discu\u0163ii aprinse a iscat, azi, \u00een \u015fedin\u0163a ordinar\u0103 a Consiliului Jude\u0163ean Giurgiu, punctul privind modific\u0103rile salariale survenite \u00een urma trecerii contribu\u0163iilor de la angajat la angajator.<\/p>\n","protected":false},"author":1,"featured_media":57948,"comment_status":"open","ping_status":"open","sticky":false,"template":"","format":"standard","meta":{"slim_seo":{"title":"PNL-istul Velicu, pus la punct de un director din CJ Giurgiu: Nu suntem sclavii dumitale! - GIURGIU NET","description":"Discu\u0163ii aprinse a iscat, azi, \u00een \u015fedin\u0163a ordinar\u0103 a Consiliului Jude\u0163ean Giurgiu, punctul privind modific\u0103rile salariale survenite \u00een urma trecerii contribu\u0163ii"},"footnotes":""},"categories":[18,19,25],"tags":[606,1121,1126,2027],"class_list":["post-57947","post","type-post","status-publish","format-standard","has-post-thumbnail","category-actual","category-adm","category-pol","tag-cj-giurgiu","tag-florentina-stanculescu","tag-florian-velicu","tag-pnl-giurgiu"],"_links":{"self":[{"href":"https:\/\/giurgiu-net.ro\/index.php\/wp-json\/wp\/v2\/posts\/57947","targetHints":{"allow":["GET"]}}],"collection":[{"href":"https:\/\/giurgiu-net.ro\/index.php\/wp-json\/wp\/v2\/posts"}],"about":[{"href":"https:\/\/giurgiu-net.ro\/index.php\/wp-json\/wp\/v2\/types\/post"}],"author":[{"embeddable":true,"href":"https:\/\/giurgiu-net.ro\/index.php\/wp-json\/wp\/v2\/users\/1"}],"replies":[{"embeddable":true,"href":"https:\/\/giurgiu-net.ro\/index.php\/wp-json\/wp\/v2\/comments?post=57947"}],"version-history":[{"count":0,"href":"https:\/\/giurgiu-net.ro\/index.php\/wp-json\/wp\/v2\/posts\/57947\/revisions"}],"wp:attachment":[{"href":"https:\/\/giurgiu-net.ro\/index.php\/wp-json\/wp\/v2\/media?parent=57947"}],"wp:term":[{"taxonomy":"category","embeddable":true,"href":"https:\/\/giurgiu-net.ro\/index.php\/wp-json\/wp\/v2\/categories?post=57947"},{"taxonomy":"post_tag","embeddable":true,"href":"https:\/\/giurgiu-net.ro\/index.php\/wp-json\/wp\/v2\/tags?post=57947"}],"curies":[{"name":"wp","href":"https:\/\/api.w.org\/{rel}","templated":true}]}}