{"id":57699,"date":"2018-01-18T11:00:20","date_gmt":"2018-01-18T09:00:20","guid":{"rendered":"http:\/\/giurgiu-net.ro\/?p=57699"},"modified":"2018-01-18T11:00:20","modified_gmt":"2018-01-18T09:00:20","slug":"prins-de-politisti-la-volan-baut-si-fara-permis-de-doua-ori","status":"publish","type":"post","link":"https:\/\/giurgiu-net.ro\/index.php\/2018\/01\/18\/prins-de-politisti-la-volan-baut-si-fara-permis-de-doua-ori\/","title":{"rendered":"Prins de poli\u0163i\u015fti la volan, b\u0103ut \u015fi f\u0103r\u0103 permis. De dou\u0103 ori&#8230;"},"content":{"rendered":"<p><strong><em>Un t\u00e2n\u0103r este cercetat de poli\u021bi\u0219ti dup\u0103 ce a fost depistat conduc\u00e2nd pe drumurile publice un autoturism ne\u00eenmatriculat, sub influen\u021ba b\u0103uturilor alcoolice \u0219i f\u0103r\u0103 s\u0103 posede permis de conducere.<\/em><\/strong><!--more--><\/p>\n<p>Mar\u021bi, 16 ianuarie a.c., \u00een jurul orei 22.45, poli\u021bi\u0219ti din cadrul Serviciului Rutier Giurgiu au depistat un t\u00e2n\u0103r, de 27 ani, din comuna Ghimpa\u021bi, jude\u021bul Giurgiu, \u00a0care conducea un autoturism \u00eenmatriculat \u00een Republica Bulgaria, pe Drumul Na\u021bional 6, \u00een localitatea Ghimpa\u021bi, sub influen\u021ba b\u0103uturilor alcoolice.<\/p>\n<p><em>Conduc\u0103torul auto a fost testat cu aparatul etilotest, care a indicat valoarea de 0,74 mg\/litru alcool pur \u00een aerul expirat, acesta fiind condus la spital \u00een vederea recolt\u0103rii \u00a0de mostre biologice de s\u00e2nge pentru stabilirea alcoolemiei.<\/em><\/p>\n<p><strong>Cu ocazia verific\u0103rilor efectuate s-a stabilit ca t\u00e2n\u0103rul nu poseda permis de conducere, iar autoturismul cu care acesta circula nu avea \u00eencheiat\u0103 poli\u021b\u0103 de asigurare obligatorie, fapt pentru care i-au fost re\u021binute pl\u0103cu\u021bele \u0219i certificatul de \u00eenmatriculare.<\/strong><\/p>\n<p>Poli\u021bi\u0219tii au \u00eentocmit \u00een cauz\u0103 un dosar penal \u00een care se efectueaz\u0103 cercet\u0103ri sub aspectul s\u0103v\u00e2r\u0219irii infrac\u021biunii de \u201eConducerea pe drumurile publice a unui vehicul f\u0103r\u0103 permis de conducere\u201d \u0219i ,,Conducerea pe drumurile publice a unui vehicul sub influen\u021ba alcoolului\u201d<\/p>\n<p>Toate aceste activit\u0103\u021bi nu l-au temperat pe t\u00e2n\u0103rul conduc\u0103tor auto, \u00eentruc\u00e2t, nu mai t\u00e2rziu de&#8230; a doua zi, respectiv \u00een data de 17 .01.2018, a fost depistat de poli\u021bi\u0219tii din cadrul Sec\u021biei nr. 4 Poli\u021bie Rural\u0103 Ghimpa\u021bi,<strong> conduc\u00e2nd acela\u0219i autoturism pe\u00a0 Drumul Na\u021bional 6, \u00een localitatea Ghimpa\u021bi.<\/strong><\/p>\n<p><em>Poli\u021bi\u0219tii i-au \u00eentocmit un nou dosar \u00een care este cercetat sub aspectul s\u0103v\u00e2r\u0219irii infrac\u021biunii de \u201eConducerea pe drumurile publice a unui vehicul f\u0103r\u0103 permis de conducere\u201d \u0219i ,,Conducerea pe drumurile publice a unui vehicul ne\u00eenmatriculat \u201d<\/em><\/p>\n<p><em><strong>\u00a0<\/strong><\/em><\/p>\n<p>&nbsp;<\/p>\n","protected":false},"excerpt":{"rendered":"<p>Un t\u00e2n\u0103r este cercetat de poli\u021bi\u0219ti dup\u0103 ce a fost depistat conduc\u00e2nd pe drumurile publice un autoturism ne\u00eenmatriculat, sub influen\u021ba b\u0103uturilor alcoolice \u0219i f\u0103r\u0103 s\u0103 posede permis de conducere.<\/p>\n","protected":false},"author":1,"featured_media":53307,"comment_status":"open","ping_status":"open","sticky":false,"template":"","format":"standard","meta":{"slim_seo":{"title":"Prins de poli\u0163i\u015fti la volan, b\u0103ut \u015fi f\u0103r\u0103 permis. De dou\u0103 ori... - GIURGIU NET","description":"Un t\u00e2n\u0103r este cercetat de poli\u021bi\u0219ti dup\u0103 ce a fost depistat conduc\u00e2nd pe drumurile publice un autoturism ne\u00eenmatriculat, sub influen\u021ba b\u0103uturilor alcoolice \u0219i f"},"footnotes":""},"categories":[18,26],"tags":[2055],"class_list":["post-57699","post","type-post","status-publish","format-standard","has-post-thumbnail","category-actual","category-soc","tag-politia-giurgiu"],"_links":{"self":[{"href":"https:\/\/giurgiu-net.ro\/index.php\/wp-json\/wp\/v2\/posts\/57699","targetHints":{"allow":["GET"]}}],"collection":[{"href":"https:\/\/giurgiu-net.ro\/index.php\/wp-json\/wp\/v2\/posts"}],"about":[{"href":"https:\/\/giurgiu-net.ro\/index.php\/wp-json\/wp\/v2\/types\/post"}],"author":[{"embeddable":true,"href":"https:\/\/giurgiu-net.ro\/index.php\/wp-json\/wp\/v2\/users\/1"}],"replies":[{"embeddable":true,"href":"https:\/\/giurgiu-net.ro\/index.php\/wp-json\/wp\/v2\/comments?post=57699"}],"version-history":[{"count":0,"href":"https:\/\/giurgiu-net.ro\/index.php\/wp-json\/wp\/v2\/posts\/57699\/revisions"}],"wp:attachment":[{"href":"https:\/\/giurgiu-net.ro\/index.php\/wp-json\/wp\/v2\/media?parent=57699"}],"wp:term":[{"taxonomy":"category","embeddable":true,"href":"https:\/\/giurgiu-net.ro\/index.php\/wp-json\/wp\/v2\/categories?post=57699"},{"taxonomy":"post_tag","embeddable":true,"href":"https:\/\/giurgiu-net.ro\/index.php\/wp-json\/wp\/v2\/tags?post=57699"}],"curies":[{"name":"wp","href":"https:\/\/api.w.org\/{rel}","templated":true}]}}