{"id":57674,"date":"2018-01-17T21:12:50","date_gmt":"2018-01-17T19:12:50","guid":{"rendered":"http:\/\/giurgiu-net.ro\/?p=57674"},"modified":"2018-01-17T21:12:50","modified_gmt":"2018-01-17T19:12:50","slug":"psd-giurgiu-mesaj-pentru-viorica-dancila-succes-putere-de-munca-si-perseverenta-in-implementarea-programului-de-guvernare","status":"publish","type":"post","link":"https:\/\/giurgiu-net.ro\/index.php\/2018\/01\/17\/psd-giurgiu-mesaj-pentru-viorica-dancila-succes-putere-de-munca-si-perseverenta-in-implementarea-programului-de-guvernare\/","title":{"rendered":"PSD Giurgiu, mesaj pentru Viorica D\u0103ncil\u0103: Succes, putere de munc\u0103 \u0219i perseveren\u021b\u0103 \u00een implementarea Programului de Guvernare"},"content":{"rendered":"<p><!--more--><\/p>\n<p>\u201dOrganiza\u021bia Jude\u021bean\u0103 Giurgiu a Partidului Social Democrat o felicit\u0103 pe doamna Viorica D\u0103ncil\u0103 pentru desemnarea sa ca prim ministru al Rom\u00e2niei \u0219i \u00eei ureaz\u0103 s<span class=\"text_exposed_show\">ucces, putere de munc\u0103, perseveren\u021b\u0103 \u00een implementarea m\u0103surilor din Programul de Guvernare.<\/span><\/p>\n<p><span class=\"text_exposed_show\"> Ne exprim\u0103m speran\u021ba c\u0103 va r\u0103m\u00e2ne aceea\u0219i prieten\u0103 a organiza\u021biei noastre \u0219i a giurgiuvenilor \u0219i o asigur\u0103m pe doamna prim ministru de deplina noastr\u0103 sus\u021binere.<\/span><\/p>\n<div class=\"text_exposed_show\">\n<p><strong>Marian Mina- pre\u0219edinte PSD Giurgiu<\/strong>\u201d<\/p>\n<p>&nbsp;<\/p>\n<\/div>\n","protected":false},"excerpt":{"rendered":"","protected":false},"author":1,"featured_media":57675,"comment_status":"open","ping_status":"open","sticky":false,"template":"","format":"standard","meta":{"slim_seo":{"title":"PSD Giurgiu, mesaj pentru Viorica D\u0103ncil\u0103: Succes, putere de munc\u0103 \u0219i perseveren\u021b\u0103 \u00een implementarea Programului de Guvernare - GIURGIU NET","description":"\u201dOrganiza\u021bia Jude\u021bean\u0103 Giurgiu a Partidului Social Democrat o felicit\u0103 pe doamna Viorica D\u0103ncil\u0103 pentru desemnarea sa ca prim ministru al Rom\u00e2niei \u0219i \u00eei ureaz\u0103"},"footnotes":""},"categories":[18,25,28],"tags":[2256,2761],"class_list":["post-57674","post","type-post","status-publish","format-standard","has-post-thumbnail","category-actual","category-pol","category-uo","tag-psd-giurgiu","tag-viorica-dancila"],"_links":{"self":[{"href":"https:\/\/giurgiu-net.ro\/index.php\/wp-json\/wp\/v2\/posts\/57674","targetHints":{"allow":["GET"]}}],"collection":[{"href":"https:\/\/giurgiu-net.ro\/index.php\/wp-json\/wp\/v2\/posts"}],"about":[{"href":"https:\/\/giurgiu-net.ro\/index.php\/wp-json\/wp\/v2\/types\/post"}],"author":[{"embeddable":true,"href":"https:\/\/giurgiu-net.ro\/index.php\/wp-json\/wp\/v2\/users\/1"}],"replies":[{"embeddable":true,"href":"https:\/\/giurgiu-net.ro\/index.php\/wp-json\/wp\/v2\/comments?post=57674"}],"version-history":[{"count":0,"href":"https:\/\/giurgiu-net.ro\/index.php\/wp-json\/wp\/v2\/posts\/57674\/revisions"}],"wp:attachment":[{"href":"https:\/\/giurgiu-net.ro\/index.php\/wp-json\/wp\/v2\/media?parent=57674"}],"wp:term":[{"taxonomy":"category","embeddable":true,"href":"https:\/\/giurgiu-net.ro\/index.php\/wp-json\/wp\/v2\/categories?post=57674"},{"taxonomy":"post_tag","embeddable":true,"href":"https:\/\/giurgiu-net.ro\/index.php\/wp-json\/wp\/v2\/tags?post=57674"}],"curies":[{"name":"wp","href":"https:\/\/api.w.org\/{rel}","templated":true}]}}