{"id":57300,"date":"2017-12-24T07:19:34","date_gmt":"2017-12-24T05:19:34","guid":{"rendered":"http:\/\/giurgiu-net.ro\/?p=57300"},"modified":"2017-12-24T07:19:34","modified_gmt":"2017-12-24T05:19:34","slug":"atmosfera-de-sarbatoare-la-caminul-din-oncesti","status":"publish","type":"post","link":"https:\/\/giurgiu-net.ro\/index.php\/2017\/12\/24\/atmosfera-de-sarbatoare-la-caminul-din-oncesti\/","title":{"rendered":"Atmosfer\u0103 de s\u0103rb\u0103toare la C\u0103minul din Once\u0219ti"},"content":{"rendered":"<p><!--more-->Persoanele v\u00e2rstnice institu\u021bionalizate \u00een c\u0103minul din \u00a0localitatea Once\u0219ti au avut parte vineri, 22 decembrie 2017, de o zi deosebit\u0103.<\/p>\n<p>Elevii Centrului de Conservare \u0219i Promovare a Culturii Tradi\u021bionale Giurgiu au sus\u021binut \u00een acest centru un frumos program artistic din care nu au lipsit colindele \u0219i c\u00e2ntecele interpretate la org\u0103 \u0219i acordeon. Timp de peste o or\u0103, 20 de\u00a0 copii, elevi ai claselor de canto, org\u0103 \u0219i acordeon, \u00eendruma\u021bi de Mihaela \u021ai\u021beica \u0219i Valentin M\u0103rgean, i-au \u00eenc\u00e2ntat pe cei 34 de beneficiari de servicii sociale din acest c\u0103min; a fost o atmosfer\u0103 frumoas\u0103, \u00een care s-a sim\u021bit emo\u021bia din glasurile copiilor, dar \u0219i \u00eenc\u00e2ntarea \u00a0publicului.<\/p>\n\n<p>\u00cen aceea\u0219i zi, persoanele v\u00e2rstnice s-au bucurat s\u0103 vad\u0103 \u00a0preg\u0103tirea porcului \u00a0\u00een mod tradi\u021bional chiar \u00een centrul \u00een care locuiesc. Bujoreanu Mih\u0103i\u021b\u0103 din satul B\u0103lanu, comuna St\u0103ne\u0219ti, a donat pentru ei un porc, care a fost g\u0103tit \u00een mod tradi\u021bional.<\/p>\n<p><img loading=\"lazy\" decoding=\"async\" class=\"alignnone size-full wp-image-57309\" src=\"https:\/\/giurgiu-net.ro\/wp-content\/uploads\/2017\/12\/13-3.jpg\" alt=\"\" width=\"800\" height=\"600\" \/> <img loading=\"lazy\" decoding=\"async\" class=\"alignnone size-full wp-image-57310\" src=\"https:\/\/giurgiu-net.ro\/wp-content\/uploads\/2017\/12\/14-3.jpg\" alt=\"\" width=\"800\" height=\"600\" \/> <img loading=\"lazy\" decoding=\"async\" class=\"alignnone size-full wp-image-57311\" src=\"https:\/\/giurgiu-net.ro\/wp-content\/uploads\/2017\/12\/15-2.jpg\" alt=\"\" width=\"800\" height=\"600\" \/><\/p>\n<p>\u201c<em>Centrul a fost dat \u00een folosin\u021b\u0103 la sf\u00e2r\u0219itul anului 2016 \u0219i\u00a0 este pentru prima dat\u0103 c\u00e2nd beneficiarii c\u0103minului s\u0103rb\u0103toresc astfel aceste zile premerg\u0103toare Cr\u0103ciunului. Ne str\u0103duim s\u0103 cre\u0103m aici o atmosfer\u0103 \u00a0\u00een care persoanele v\u00e2rstnice \u00a0s\u0103 aib\u0103 parte de c\u0103ldura s\u0103rb\u0103torilor. Pot spune c\u0103 \u00a0suntem aici o mare familie, sper\u0103m ca oamenii care se afl\u0103 \u00een grija noastr\u0103 \u00a0\u00een acest c\u0103min s\u0103 simt\u0103 spiritul Cr\u0103ciunului. Mul\u021bumim tuturor celor care au contribuit la crearea \u00a0acestei atmosfere de s\u0103rb\u0103toare, \u00a0care i-a \u00eenc\u00e2ntat pe cei care beneficiaz\u0103 de servicii sociale \u00een acest c\u0103min<\/em>\u201d, a declarat C\u0103t\u0103lina Ene, \u0219ef al centrului pentru persoane v\u00e2rstnice din localitatea Once\u0219ti.<\/p>\n<p>Ziua s-a \u00eencheiat cu o alta surpriz\u0103 pl\u0103cut\u0103 pentru seniori. De\u0219i nu este un lucru obi\u0219nuit ca acas\u0103 s\u0103 vin\u0103 Poli\u021bia la u\u0219\u0103, la ceas de sear\u0103 ace\u0219tia i-au avut \u00een mijlocul lor pe reprezentan\u021bii Poli\u021biei Jude\u021bene Giurgiu, care, cu o zi \u00eenainte de a d\u0103rui cadouri copiilor din casele de tip familial \u0219i persoanelor adulte cu dizabilit\u0103\u021bi din structurile reziden\u021biale, au trecut \u0219i pe la C\u0103minul din Once\u0219ti pentru a le d\u0103rui\u00a0 v\u00e2rstnicilor cadouri, pentru a le face ur\u0103ri de s\u0103rb\u0103tori \u0219i pentru a-i asigura c\u0103 vor fi mereu al\u0103turi de ei.<\/p>\n\n<p>&nbsp;<\/p>\n<p>Denisa Cristescu<\/p>\n<p>Consilier Comp. Rela\u021bii cu Mass-Media DGASPC Giurgiu<\/p>\n","protected":false},"excerpt":{"rendered":"","protected":false},"author":1,"featured_media":57307,"comment_status":"open","ping_status":"open","sticky":false,"template":"","format":"standard","meta":{"slim_seo":{"title":"Atmosfer\u0103 de s\u0103rb\u0103toare la C\u0103minul din Once\u0219ti - GIURGIU NET","description":"Persoanele v\u00e2rstnice institu\u021bionalizate \u00een c\u0103minul din \u00a0localitatea Once\u0219ti au avut parte vineri, 22 decembrie 2017, de o zi deosebit\u0103. Elevii Centrului de Cons"},"footnotes":""},"categories":[18,26],"tags":[892],"class_list":["post-57300","post","type-post","status-publish","format-standard","has-post-thumbnail","category-actual","category-soc","tag-dgaspc-giurgiu"],"_links":{"self":[{"href":"https:\/\/giurgiu-net.ro\/index.php\/wp-json\/wp\/v2\/posts\/57300","targetHints":{"allow":["GET"]}}],"collection":[{"href":"https:\/\/giurgiu-net.ro\/index.php\/wp-json\/wp\/v2\/posts"}],"about":[{"href":"https:\/\/giurgiu-net.ro\/index.php\/wp-json\/wp\/v2\/types\/post"}],"author":[{"embeddable":true,"href":"https:\/\/giurgiu-net.ro\/index.php\/wp-json\/wp\/v2\/users\/1"}],"replies":[{"embeddable":true,"href":"https:\/\/giurgiu-net.ro\/index.php\/wp-json\/wp\/v2\/comments?post=57300"}],"version-history":[{"count":0,"href":"https:\/\/giurgiu-net.ro\/index.php\/wp-json\/wp\/v2\/posts\/57300\/revisions"}],"wp:attachment":[{"href":"https:\/\/giurgiu-net.ro\/index.php\/wp-json\/wp\/v2\/media?parent=57300"}],"wp:term":[{"taxonomy":"category","embeddable":true,"href":"https:\/\/giurgiu-net.ro\/index.php\/wp-json\/wp\/v2\/categories?post=57300"},{"taxonomy":"post_tag","embeddable":true,"href":"https:\/\/giurgiu-net.ro\/index.php\/wp-json\/wp\/v2\/tags?post=57300"}],"curies":[{"name":"wp","href":"https:\/\/api.w.org\/{rel}","templated":true}]}}