{"id":55894,"date":"2017-11-09T21:08:34","date_gmt":"2017-11-09T19:08:34","guid":{"rendered":"http:\/\/giurgiu-net.ro\/?p=55894"},"modified":"2017-11-09T21:08:34","modified_gmt":"2017-11-09T19:08:34","slug":"21-de-contracte-au-fost-semnate-azi-la-ministerul-dezvoltarii-de-catre-primarii-giurgiuveni","status":"publish","type":"post","link":"https:\/\/giurgiu-net.ro\/index.php\/2017\/11\/09\/21-de-contracte-au-fost-semnate-azi-la-ministerul-dezvoltarii-de-catre-primarii-giurgiuveni\/","title":{"rendered":"21 de contracte au fost semnate azi, la Ministerul Dezvolt\u0103rii, de c\u0103tre primarii giurgiuveni"},"content":{"rendered":"<p><!--more-->Anun\u021bul a fost f\u0103cut de c\u0103tre vicepre\u0219edintele Consiliului Jude\u021bena Giurgiu, Lucian Corozel.<\/p>\n<p><em>&#8222;Ast\u0103zi, am avut onoarea s\u0103 particip alaturi de domnii primari la semnarea contractelor de finan\u021bare prin PNDL 2. Odat\u0103 cu semnarea celor 21 de contracte privind obiective de dezvoltare a infrastructurii rutiere, modernizare \u0219i dotare \u0219coli, gr\u0103dini\u021be \u0219i dispensare, am convingerea c\u0103, \u00eempreun\u0103, punem um\u0103rul la dezvoltarea judetului Giurgiu.\u00a0<\/em><br \/>\n<em>Felicitari \u0219i succes in implementarea proiectelor primarilor orasului Bolintin-Vale si comunelor Izvoarele, Varasti, Comana, Colibasi, Ghimpati, Adunatii-Copaceni, Schitu, Marsa, Bucsani si Stanesti&#8221;<\/em>, scrie Corozel pe Facebook.<\/p>\n<p><img loading=\"lazy\" decoding=\"async\" class=\"alignnone wp-image-55895 size-full\" src=\"https:\/\/giurgiu-net.ro\/wp-content\/uploads\/2017\/11\/23244419_1524432977623306_3607216704912252892_n.jpg\" alt=\"\" width=\"718\" height=\"635\" \/> <img loading=\"lazy\" decoding=\"async\" class=\"alignnone wp-image-55896 size-full\" src=\"https:\/\/giurgiu-net.ro\/wp-content\/uploads\/2017\/11\/23244590_1524432957623308_4871207431597127096_n.jpg\" alt=\"\" width=\"712\" height=\"710\" \/><\/p>\n","protected":false},"excerpt":{"rendered":"","protected":false},"author":1,"featured_media":55897,"comment_status":"open","ping_status":"open","sticky":false,"template":"","format":"standard","meta":{"slim_seo":{"title":"21 de contracte au fost semnate azi, la Ministerul Dezvolt\u0103rii, de c\u0103tre primarii giurgiuveni - GIURGIU NET","description":"Anun\u021bul a fost f\u0103cut de c\u0103tre vicepre\u0219edintele Consiliului Jude\u021bena Giurgiu, Lucian Corozel. \"Ast\u0103zi, am avut onoarea s\u0103 particip alaturi de domnii primari la s"},"footnotes":""},"categories":[18,19],"tags":[1572,2023],"class_list":["post-55894","post","type-post","status-publish","format-standard","has-post-thumbnail","category-actual","category-adm","tag-lucian-corozel","tag-pndl"],"_links":{"self":[{"href":"https:\/\/giurgiu-net.ro\/index.php\/wp-json\/wp\/v2\/posts\/55894","targetHints":{"allow":["GET"]}}],"collection":[{"href":"https:\/\/giurgiu-net.ro\/index.php\/wp-json\/wp\/v2\/posts"}],"about":[{"href":"https:\/\/giurgiu-net.ro\/index.php\/wp-json\/wp\/v2\/types\/post"}],"author":[{"embeddable":true,"href":"https:\/\/giurgiu-net.ro\/index.php\/wp-json\/wp\/v2\/users\/1"}],"replies":[{"embeddable":true,"href":"https:\/\/giurgiu-net.ro\/index.php\/wp-json\/wp\/v2\/comments?post=55894"}],"version-history":[{"count":0,"href":"https:\/\/giurgiu-net.ro\/index.php\/wp-json\/wp\/v2\/posts\/55894\/revisions"}],"wp:attachment":[{"href":"https:\/\/giurgiu-net.ro\/index.php\/wp-json\/wp\/v2\/media?parent=55894"}],"wp:term":[{"taxonomy":"category","embeddable":true,"href":"https:\/\/giurgiu-net.ro\/index.php\/wp-json\/wp\/v2\/categories?post=55894"},{"taxonomy":"post_tag","embeddable":true,"href":"https:\/\/giurgiu-net.ro\/index.php\/wp-json\/wp\/v2\/tags?post=55894"}],"curies":[{"name":"wp","href":"https:\/\/api.w.org\/{rel}","templated":true}]}}