{"id":55787,"date":"2017-11-06T13:39:39","date_gmt":"2017-11-06T11:39:39","guid":{"rendered":"http:\/\/giurgiu-net.ro\/?p=55787"},"modified":"2017-11-06T13:39:39","modified_gmt":"2017-11-06T11:39:39","slug":"seful-isu-giurgiu-colonel-emil-apostol-avem-promisiuni-ca-vom-achizitiona-noi-ambulante","status":"publish","type":"post","link":"https:\/\/giurgiu-net.ro\/index.php\/2017\/11\/06\/seful-isu-giurgiu-colonel-emil-apostol-avem-promisiuni-ca-vom-achizitiona-noi-ambulante\/","title":{"rendered":"\u015eeful ISU Giurgiu, colonel Emil Apostol: Avem promisiuni c\u0103 vom achizi\u0163iona noi ambulan\u0163e"},"content":{"rendered":"<p>Prezent la conferin\u0163a de pres\u0103 de azi, de la Prefectur\u0103, \u015feful Inspectoratului Jude\u0163ean pentru Situa\u0163ii de Urgen\u0163\u0103(ISU) Giurgiu, colonelul Emil Apostol a declarat:<!--more--><\/p>\n<p><img loading=\"lazy\" decoding=\"async\" class=\"alignnone wp-image-55788 size-full\" src=\"https:\/\/giurgiu-net.ro\/wp-content\/uploads\/2017\/11\/DSC_0184.jpg\" alt=\"\" width=\"800\" height=\"643\" \/><\/p>\n<p>\u201e<em>Avem experien\u0163a necesar\u0103 c\u00e2\u015ftigat\u0103 din situa\u0163iile cu care ne-am confruntat \u00een anii anteriori \u015fi sper\u0103m s\u0103 trecem cu bine \u015fi de acest sezon rece. Prioritar pentru noi va fi salvarea de vie\u0163i omene\u015fti. A doua este restabilirea aliment\u0103rii cu energie electric\u0103 \u015fi sunt convins c\u0103 vom avea sprijinul celor de ENEL \u00een acest sens. Repartizarea teritorial\u0103 ne permite s\u0103 intervenim din orice direc\u0163ie \u015fi \u00een orice punct.<\/em><\/p>\n<p><em>Avem sprijinul pre\u015fedintelui Consiliului Jude\u0163ean Giurgiu, Marian Mina, \u00een ceea ce prive\u015fte resursele medicale. Dup\u0103 cum \u015fti\u0163i, sunt avem \u015fapte subunit\u0103\u0163i de pompieri \u015fi doar cinci echipaje de prim-ajutor. Sprijinul promis de domnul Mina se refer\u0103 la posibilitatea achizi\u0163ion\u0103rii a dou\u0103 noi ambulan\u0163e pentru Greaca(acolo avem doar echipaj de pompieri) \u015fi C\u0103lug\u0103reni. Sunt deja construite garajele necesare.<\/em><\/p>\n<p><em>Ca situa\u0163ie generic\u0103, avem deficit medical pe partea de nord a jude\u0163ului, fiind vorba despre doar dou\u0103 echipaje SMURD, la Bolintin \u015fi Roata. Am f\u0103cut o solicitare c\u0103tre autorit\u0103\u0163ile centrale pentru suplimentarea num\u0103rului de medici \u015fi asisten\u0163i medicali pentru zona men\u0163ionat\u0103. \u00cen plus, al\u0103turi de managerul Serviciului de Ambulan\u0163\u0103 Giurgiu, de conducerea Consiliului Jude\u0163ean \u015fi cea a Prefecturii am solicitat \u015fi suplimentarea num\u0103rului de ambulan\u0163e, deci o \u00eennoire a parcului auto\u201d<\/em>.<\/p>\n","protected":false},"excerpt":{"rendered":"<p>Prezent la conferin\u0163a de pres\u0103 de azi, de la Prefectur\u0103, \u015feful Inspectoratului Jude\u0163ean pentru Situa\u0163ii de Urgen\u0163\u0103(ISU) Giurgiu, colonelul Emil Apostol a declarat:<\/p>\n","protected":false},"author":1,"featured_media":55788,"comment_status":"open","ping_status":"open","sticky":false,"template":"","format":"standard","meta":{"slim_seo":{"title":"\u015eeful ISU Giurgiu, colonel Emil Apostol: Avem promisiuni c\u0103 vom achizi\u0163iona noi ambulan\u0163e - GIURGIU NET","description":"Prezent la conferin\u0163a de pres\u0103 de azi, de la Prefectur\u0103, \u015feful Inspectoratului Jude\u0163ean pentru Situa\u0163ii de Urgen\u0163\u0103(ISU) Giurgiu, colonelul Emil Apostol a declar"},"footnotes":""},"categories":[18,26],"tags":[1037,1452],"class_list":["post-55787","post","type-post","status-publish","format-standard","has-post-thumbnail","category-actual","category-soc","tag-emil-apostol","tag-isu-giurgiu"],"_links":{"self":[{"href":"https:\/\/giurgiu-net.ro\/index.php\/wp-json\/wp\/v2\/posts\/55787","targetHints":{"allow":["GET"]}}],"collection":[{"href":"https:\/\/giurgiu-net.ro\/index.php\/wp-json\/wp\/v2\/posts"}],"about":[{"href":"https:\/\/giurgiu-net.ro\/index.php\/wp-json\/wp\/v2\/types\/post"}],"author":[{"embeddable":true,"href":"https:\/\/giurgiu-net.ro\/index.php\/wp-json\/wp\/v2\/users\/1"}],"replies":[{"embeddable":true,"href":"https:\/\/giurgiu-net.ro\/index.php\/wp-json\/wp\/v2\/comments?post=55787"}],"version-history":[{"count":0,"href":"https:\/\/giurgiu-net.ro\/index.php\/wp-json\/wp\/v2\/posts\/55787\/revisions"}],"wp:attachment":[{"href":"https:\/\/giurgiu-net.ro\/index.php\/wp-json\/wp\/v2\/media?parent=55787"}],"wp:term":[{"taxonomy":"category","embeddable":true,"href":"https:\/\/giurgiu-net.ro\/index.php\/wp-json\/wp\/v2\/categories?post=55787"},{"taxonomy":"post_tag","embeddable":true,"href":"https:\/\/giurgiu-net.ro\/index.php\/wp-json\/wp\/v2\/tags?post=55787"}],"curies":[{"name":"wp","href":"https:\/\/api.w.org\/{rel}","templated":true}]}}