{"id":54386,"date":"2017-09-07T08:54:13","date_gmt":"2017-09-07T05:54:13","guid":{"rendered":"http:\/\/giurgiu-net.ro\/?p=54386"},"modified":"2017-09-07T08:54:13","modified_gmt":"2017-09-07T05:54:13","slug":"jandarmeria-giurgiu-pregatire-inainte-de-inceperea-noului-an-scolar","status":"publish","type":"post","link":"https:\/\/giurgiu-net.ro\/index.php\/2017\/09\/07\/jandarmeria-giurgiu-pregatire-inainte-de-inceperea-noului-an-scolar\/","title":{"rendered":"JANDARMERIA GIURGIU: Preg\u0103tire \u00eenainte de \u00eenceperea noului an \u0219colar"},"content":{"rendered":"<p><strong><em>\u00a0\u00a0\u00a0\u00a0\u00a0\u00a0\u00a0\u00a0\u00a0\u00a0\u00a0 M\u0103surile de ordine public\u0103 ce vor fi aplicate odat\u0103 cu \u00eenceperea noului an \u0219colar \u0219i repartizarea institu\u021biilor de \u00eenv\u0103\u021b\u0103m\u00e2nt structurilor cu atribu\u021bii \u00een domeniul ordinii \u0219i siguran\u021bei au fost subiectele aflate pe ordinea de zi a unei \u00eent\u00e2lniri ce a avut loc ast\u0103zi la sediul Inspectoratului de Jandarmi Jude\u021bean Giurgiu. Al\u0103turi de jandarmi, la activitate au participat reprezentan\u021bi ai Inspectoratului \u0218colar, Inspectoratului de Poli\u021bie al Jude\u021bului Giurgiu \u0219i Direc\u021biei Poli\u021biei Locale. <\/em><\/strong><!--more--><\/p>\n<p>Cu aceast\u0103 ocazie au fost prezentate principalele obiective stabilite odat\u0103 cu \u00eenceperea \u0219colii, m\u0103surile care fi adoptate astfel \u00eenc\u00e2t activit\u0103\u021bile educative s\u0103 se desf\u0103\u0219oare \u00eentr-un climat de normalitate, precum \u0219i o situa\u021bie cu faptele constatate \u00een zona institu\u021biilor de \u00eenv\u0103\u021b\u0103m\u00e2nt \u00een anul \u0219colar precedent.<\/p>\n<p><strong><em>Temele men\u021bionate mai sus vor fi prezentate vineri, 08 septembrie a.c., \u00eencep\u00e2nd cu ora 11.00, \u00een cadrul unei conferin\u021be de pres\u0103 ce va avea loc la Institu\u021bia Prefectului. Din partea Inspectoratului de Jandarmi Jude\u021bean Giurgiu la conferin\u021ba de pres\u0103 va participa inspectorul \u0219ef, colonel Ru\u0219anu Daniel. <\/em><\/strong><\/p>\n<p>Compartimentul Informare, Rela\u0163ii Publice \u015fi cu Publicul- IJJ Giurgiu<\/p>\n","protected":false},"excerpt":{"rendered":"<p>\u00a0\u00a0\u00a0\u00a0\u00a0\u00a0\u00a0\u00a0\u00a0\u00a0\u00a0 M\u0103surile de ordine public\u0103 ce vor fi aplicate odat\u0103 cu \u00eenceperea noului an \u0219colar \u0219i repartizarea institu\u021biilor de \u00eenv\u0103\u021b\u0103m\u00e2nt structurilor cu atribu\u021bii \u00een domeniul ordinii \u0219i siguran\u021bei au fost subiectele aflate pe ordinea de zi a unei \u00eent\u00e2lniri ce a avut loc ast\u0103zi la sediul Inspectoratului de Jandarmi Jude\u021bean Giurgiu. Al\u0103turi de jandarmi, la [&hellip;]<\/p>\n","protected":false},"author":1,"featured_media":54387,"comment_status":"open","ping_status":"open","sticky":false,"template":"","format":"standard","meta":{"slim_seo":{"title":"JANDARMERIA GIURGIU: Preg\u0103tire \u00eenainte de \u00eenceperea noului an \u0219colar - GIURGIU NET","description":"\u00a0\u00a0\u00a0\u00a0\u00a0\u00a0\u00a0\u00a0\u00a0\u00a0\u00a0 M\u0103surile de ordine public\u0103 ce vor fi aplicate odat\u0103 cu \u00eenceperea noului an \u0219colar \u0219i repartizarea institu\u021biilor de \u00eenv\u0103\u021b\u0103m\u00e2nt structurilor cu atribu"},"footnotes":""},"categories":[18,26],"tags":[1321],"class_list":["post-54386","post","type-post","status-publish","format-standard","has-post-thumbnail","category-actual","category-soc","tag-ijj-giurgiu"],"_links":{"self":[{"href":"https:\/\/giurgiu-net.ro\/index.php\/wp-json\/wp\/v2\/posts\/54386","targetHints":{"allow":["GET"]}}],"collection":[{"href":"https:\/\/giurgiu-net.ro\/index.php\/wp-json\/wp\/v2\/posts"}],"about":[{"href":"https:\/\/giurgiu-net.ro\/index.php\/wp-json\/wp\/v2\/types\/post"}],"author":[{"embeddable":true,"href":"https:\/\/giurgiu-net.ro\/index.php\/wp-json\/wp\/v2\/users\/1"}],"replies":[{"embeddable":true,"href":"https:\/\/giurgiu-net.ro\/index.php\/wp-json\/wp\/v2\/comments?post=54386"}],"version-history":[{"count":0,"href":"https:\/\/giurgiu-net.ro\/index.php\/wp-json\/wp\/v2\/posts\/54386\/revisions"}],"wp:attachment":[{"href":"https:\/\/giurgiu-net.ro\/index.php\/wp-json\/wp\/v2\/media?parent=54386"}],"wp:term":[{"taxonomy":"category","embeddable":true,"href":"https:\/\/giurgiu-net.ro\/index.php\/wp-json\/wp\/v2\/categories?post=54386"},{"taxonomy":"post_tag","embeddable":true,"href":"https:\/\/giurgiu-net.ro\/index.php\/wp-json\/wp\/v2\/tags?post=54386"}],"curies":[{"name":"wp","href":"https:\/\/api.w.org\/{rel}","templated":true}]}}